{"id":10446,"global_id":"artsmartiauxcompiegnois.fr?id=10446","global_id_lineage":["artsmartiauxcompiegnois.fr?id=10446"],"author":"1","status":"publish","date":"2021-05-21 15:04:37","date_utc":"2021-05-21 13:04:37","modified":"2021-05-21 15:14:10","modified_utc":"2021-05-21 13:14:10","url":"https:\/\/artsmartiauxcompiegnois.fr\/?tribe_events=dif-les-formations-reprennent-en-juin","rest_url":"https:\/\/artsmartiauxcompiegnois.fr\/index.php?rest_route=\/tribe\/events\/v1\/events\/10446","title":"DIF &#8211; les formations reprennent en juin","description":"<p>La Zone Interd\u00e9partementale de Picardie de Karat\u00e9 &amp; disciplines associ\u00e9es reprennent les formations des encadrants les <span style=\"color: #ff0000;\"><strong>05, 06, 12 et 13 juin 2021.<\/strong><\/span><\/p>\n<p>Ces formations se d\u00e9rouleront dans les locaux de Club des Arts Martiaux Compi\u00e9gnois, dans le respect des protocoles sanitaires en vigueur.<\/p>","excerpt":"","slug":"dif-les-formations-reprennent-en-juin","image":false,"all_day":false,"start_date":"2021-06-05 00:00:00","start_date_details":{"year":"2021","month":"06","day":"05","hour":"00","minutes":"00","seconds":"00"},"end_date":"2021-06-13 00:00:00","end_date_details":{"year":"2021","month":"06","day":"13","hour":"00","minutes":"00","seconds":"00"},"utc_start_date":"2021-06-04 22:00:00","utc_start_date_details":{"year":"2021","month":"06","day":"04","hour":"22","minutes":"00","seconds":"00"},"utc_end_date":"2021-06-12 22:00:00","utc_end_date_details":{"year":"2021","month":"06","day":"12","hour":"22","minutes":"00","seconds":"00"},"timezone":"UTC+2","timezone_abbr":"UTC+2","cost":"","cost_details":{"currency_symbol":"","currency_code":"","currency_position":"prefix","values":[]},"website":"","show_map":true,"show_map_link":true,"hide_from_listings":false,"sticky":true,"featured":true,"categories":[{"name":"stage","slug":"stage","term_group":0,"term_taxonomy_id":350,"taxonomy":"tribe_events_cat","description":"","parent":0,"count":18,"filter":"raw","id":350,"urls":{"self":"https:\/\/artsmartiauxcompiegnois.fr\/index.php?rest_route=\/tribe\/events\/v1\/categories\/350","collection":"https:\/\/artsmartiauxcompiegnois.fr\/index.php?rest_route=\/tribe\/events\/v1\/categories"}}],"tags":[{"name":"DIF","slug":"dif","term_group":0,"term_taxonomy_id":377,"taxonomy":"post_tag","description":"","parent":0,"count":1,"filter":"raw","id":377,"urls":{"self":"https:\/\/artsmartiauxcompiegnois.fr\/index.php?rest_route=\/tribe\/events\/v1\/tags\/377","collection":"https:\/\/artsmartiauxcompiegnois.fr\/index.php?rest_route=\/tribe\/events\/v1\/tags"}},{"name":"Formation","slug":"formation","term_group":0,"term_taxonomy_id":220,"taxonomy":"post_tag","description":"","parent":0,"count":2,"filter":"raw","id":220,"urls":{"self":"https:\/\/artsmartiauxcompiegnois.fr\/index.php?rest_route=\/tribe\/events\/v1\/tags\/220","collection":"https:\/\/artsmartiauxcompiegnois.fr\/index.php?rest_route=\/tribe\/events\/v1\/tags"}},{"name":"Karat\u00e9 et disciplines associ\u00e9es","slug":"karate-et-disciplines-associees","term_group":0,"term_taxonomy_id":375,"taxonomy":"post_tag","description":"","parent":0,"count":6,"filter":"raw","id":375,"urls":{"self":"https:\/\/artsmartiauxcompiegnois.fr\/index.php?rest_route=\/tribe\/events\/v1\/tags\/375","collection":"https:\/\/artsmartiauxcompiegnois.fr\/index.php?rest_route=\/tribe\/events\/v1\/tags"}}],"venue":{"id":8908,"author":"1","status":"publish","date":"2019-10-10 19:08:50","date_utc":"2019-10-10 17:08:50","modified":"2019-10-10 19:08:50","modified_utc":"2019-10-10 17:08:50","url":"https:\/\/artsmartiauxcompiegnois.fr\/?tribe_venue=arts-martiaux-compiegnois","venue":"ARTS MARTIAUX COMPIEGNOIS","slug":"arts-martiaux-compiegnois","address":"1 rue Rouget de Lisle","city":"COMPIEGNE","zip":"60200","json_ld":{"@type":"Place","name":"ARTS MARTIAUX COMPIEGNOIS","description":"","url":"","address":{"@type":"PostalAddress","streetAddress":"1 rue Rouget de Lisle","addressLocality":"COMPIEGNE","postalCode":"60200"},"telephone":"","sameAs":""},"show_map":true,"show_map_link":true,"global_id":"artsmartiauxcompiegnois.fr?id=8908","global_id_lineage":["artsmartiauxcompiegnois.fr?id=8908"]},"organizer":[{"id":5667,"author":"1","status":"publish","date":"2018-04-06 16:54:27","date_utc":"2018-04-06 14:54:27","modified":"2018-04-06 16:54:27","modified_utc":"2018-04-06 14:54:27","url":"https:\/\/artsmartiauxcompiegnois.fr\/?tribe_organizer=zid-picardie","organizer":"ZID PICARDIE","slug":"zid-picardie","json_ld":{"@type":"Person","name":"ZID PICARDIE","description":"","url":"","telephone":"","email":"","sameAs":""},"global_id":"artsmartiauxcompiegnois.fr?id=5667","global_id_lineage":["artsmartiauxcompiegnois.fr?id=5667"]}],"json_ld":{"@context":"http:\/\/schema.org","@type":"Event","name":"DIF &#8211; les formations reprennent en juin","description":"&lt;p&gt;La Zone Interd\u00e9partementale de Picardie de Karat\u00e9 &amp; disciplines associ\u00e9es reprennent les formations des encadrants les 05, 06, 12 et 13 juin 2021. Ces formations se d\u00e9rouleront dans les locaux de Club des Arts Martiaux Compi\u00e9gnois, dans le respect des protocoles sanitaires en vigueur.&lt;\/p&gt;\\n","url":"https:\/\/artsmartiauxcompiegnois.fr\/?tribe_events=dif-les-formations-reprennent-en-juin","startDate":"2021-06-05T00:00:00+02:00","endDate":"2021-06-13T00:00:00+02:00","location":{"@type":"Place","name":"ARTS MARTIAUX COMPIEGNOIS","description":"","url":"","address":{"@type":"PostalAddress","streetAddress":"1 rue Rouget de Lisle","addressLocality":"COMPIEGNE","postalCode":"60200"},"telephone":"","sameAs":""},"organizer":{"@type":"Person","name":"ZID PICARDIE","description":"","url":"","telephone":"","email":"","sameAs":""},"performer":"Organization"}}