{"id":1146,"global_id":"artsmartiauxcompiegnois.fr?id=1146","global_id_lineage":["artsmartiauxcompiegnois.fr?id=1146"],"author":"1","status":"publish","date":"2015-01-10 23:36:32","date_utc":"2015-01-10 21:36:32","modified":"2015-01-16 18:56:57","modified_utc":"2015-01-16 16:56:57","url":"https:\/\/artsmartiauxcompiegnois.fr\/?tribe_events=les-amc-present-au-festival-des-arts-martiaux-a-paris","rest_url":"https:\/\/artsmartiauxcompiegnois.fr\/index.php?rest_route=\/tribe\/events\/v1\/events\/1146","title":"Les AMC pr\u00e9sent au Festival des Arts Martiaux \u00e0 Paris","description":"<p><a href=\"http:\/\/artsmartiauxcompiegnois.fr\/wp-content\/uploads\/2015\/01\/i1.jpg\"><img loading=\"lazy\" class=\"alignnone size-full wp-image-1152\" src=\"http:\/\/artsmartiauxcompiegnois.fr\/wp-content\/uploads\/2015\/01\/i1.jpg\" alt=\"i1\" width=\"235\" height=\"235\" srcset=\"https:\/\/artsmartiauxcompiegnois.fr\/wp-content\/uploads\/2015\/01\/i1.jpg 235w, https:\/\/artsmartiauxcompiegnois.fr\/wp-content\/uploads\/2015\/01\/i1-150x150.jpg 150w, https:\/\/artsmartiauxcompiegnois.fr\/wp-content\/uploads\/2015\/01\/i1-178x178.jpg 178w\" sizes=\"(max-width: 235px) 100vw, 235px\" \/><\/a> <a href=\"http:\/\/artsmartiauxcompiegnois.fr\/wp-content\/uploads\/2015\/01\/i2.jpg\"><img loading=\"lazy\" class=\"alignnone  wp-image-1153\" src=\"http:\/\/artsmartiauxcompiegnois.fr\/wp-content\/uploads\/2015\/01\/i2.jpg\" alt=\"i2\" width=\"236\" height=\"236\" srcset=\"https:\/\/artsmartiauxcompiegnois.fr\/wp-content\/uploads\/2015\/01\/i2.jpg 225w, https:\/\/artsmartiauxcompiegnois.fr\/wp-content\/uploads\/2015\/01\/i2-150x150.jpg 150w, https:\/\/artsmartiauxcompiegnois.fr\/wp-content\/uploads\/2015\/01\/i2-178x178.jpg 178w\" sizes=\"(max-width: 236px) 100vw, 236px\" \/><\/a><\/p>\n<p><a href=\"http:\/\/artsmartiauxcompiegnois.fr\/wp-content\/uploads\/2015\/01\/i3.jpg\"><img loading=\"lazy\" class=\"alignnone size-full wp-image-1154\" src=\"http:\/\/artsmartiauxcompiegnois.fr\/wp-content\/uploads\/2015\/01\/i3.jpg\" alt=\"i3\" width=\"235\" height=\"235\" srcset=\"https:\/\/artsmartiauxcompiegnois.fr\/wp-content\/uploads\/2015\/01\/i3.jpg 235w, https:\/\/artsmartiauxcompiegnois.fr\/wp-content\/uploads\/2015\/01\/i3-150x150.jpg 150w, https:\/\/artsmartiauxcompiegnois.fr\/wp-content\/uploads\/2015\/01\/i3-178x178.jpg 178w\" sizes=\"(max-width: 235px) 100vw, 235px\" \/><\/a><a href=\"http:\/\/artsmartiauxcompiegnois.fr\/wp-content\/uploads\/2015\/01\/i4.jpg\"><img loading=\"lazy\" class=\"alignnone  wp-image-1155\" src=\"http:\/\/artsmartiauxcompiegnois.fr\/wp-content\/uploads\/2015\/01\/i4.jpg\" alt=\"i4\" width=\"308\" height=\"234\" srcset=\"https:\/\/artsmartiauxcompiegnois.fr\/wp-content\/uploads\/2015\/01\/i4.jpg 316w, https:\/\/artsmartiauxcompiegnois.fr\/wp-content\/uploads\/2015\/01\/i4-300x227.jpg 300w, https:\/\/artsmartiauxcompiegnois.fr\/wp-content\/uploads\/2015\/01\/i4-178x135.jpg 178w\" sizes=\"(max-width: 308px) 100vw, 308px\" \/><\/a><\/p>\n<p>&nbsp;<\/p>\n<p>&nbsp;<\/p>\n<p><strong>Nous avons l\u2019honneur et le plaisir de vous informer\u00a0 que\u00a0 notre club a \u00e9t\u00e9 retenu pour participer au 30\u00e8me Festival des Arts Martiaux qui se d\u00e9roulera le samedi 7 mars 2015 au Palais des Congr\u00e8s de Paris. Le plus grand Festival d\u2019Arts Martiaux au Monde.<\/strong><\/p>\n<p><strong>Notre Club est fier de repr\u00e9senter le Compi\u00e9gnois et la Picardie.<\/strong><\/p>\n<p><strong>Il y aura deux repr\u00e9sentations ce jour-l\u00e0 ; une premi\u00e8re pr\u00e9sentation au public\u00a0 \u00e0 14h30 et une seconde \u00e0 20h.<\/strong><\/p>\n<p><strong>Le club prendra en charge le transport en affr\u00e9tant \u00e0 cette occasion des bus selon le nombre de nos adh\u00e9rents souhaitant assister \u00e0 ce bel \u00e9v\u00e8nement. <\/strong><\/p>\n<p><strong>Les billets d\u2019entr\u00e9e\u00a0 seraient n\u00e9goci\u00e9s au tarif groupe selon le nombre d\u2018inscrits. En cons\u00e9quence, si vous \u00eates int\u00e9ress\u00e9s, je vous prie de bien vouloir vous\u00a0 rapprocher du secr\u00e9tariat du Club avant le 19 janvier 2015.<\/strong><\/p>\n<p><strong>Sportivement,<\/strong><\/p>\n<p><strong>Votre Pr\u00e9sident d\u00e9vou\u00e9<\/strong><\/p>\n<p><strong>Akim BAHMED<\/strong><\/p>","excerpt":"","slug":"les-amc-present-au-festival-des-arts-martiaux-a-paris","image":{"url":"https:\/\/artsmartiauxcompiegnois.fr\/wp-content\/uploads\/2015\/01\/amc_fly_a5_festival_am-R.jpg","id":1161,"extension":"jpg","width":400,"height":560,"sizes":{"thumbnail":{"width":150,"height":150,"mime-type":"image\/jpeg","url":"https:\/\/artsmartiauxcompiegnois.fr\/wp-content\/uploads\/2015\/01\/amc_fly_a5_festival_am-R-150x150.jpg"},"medium":{"width":214,"height":300,"mime-type":"image\/jpeg","url":"https:\/\/artsmartiauxcompiegnois.fr\/wp-content\/uploads\/2015\/01\/amc_fly_a5_festival_am-R-214x300.jpg"},"home-blog-thumb":{"width":127,"height":178,"mime-type":"image\/jpeg","url":"https:\/\/artsmartiauxcompiegnois.fr\/wp-content\/uploads\/2015\/01\/amc_fly_a5_festival_am-R-127x178.jpg"}}},"all_day":true,"start_date":"2015-03-07 00:00:00","start_date_details":{"year":"2015","month":"03","day":"07","hour":"00","minutes":"00","seconds":"00"},"end_date":"2015-03-07 23:59:59","end_date_details":{"year":"2015","month":"03","day":"07","hour":"23","minutes":"59","seconds":"59"},"utc_start_date":null,"utc_start_date_details":{"year":"1970","month":"01","day":"01","hour":"00","minutes":"00","seconds":"00"},"utc_end_date":null,"utc_end_date_details":{"year":"1970","month":"01","day":"01","hour":"00","minutes":"00","seconds":"00"},"timezone":"","timezone_abbr":"","cost":"","cost_details":{"currency_symbol":"$","currency_code":"","currency_position":"prefix","values":[]},"website":"http:\/\/lefestivaldesartsmartiaux.com\/","show_map":true,"show_map_link":true,"hide_from_listings":false,"sticky":true,"featured":false,"categories":[],"tags":[{"name":"30\u00e8me Festival des Arts Martiaux","slug":"30eme-festival-des-arts-martiaux","term_group":0,"term_taxonomy_id":110,"taxonomy":"post_tag","description":"","parent":0,"count":2,"filter":"raw","id":109,"urls":{"self":"https:\/\/artsmartiauxcompiegnois.fr\/index.php?rest_route=\/tribe\/events\/v1\/tags\/109","collection":"https:\/\/artsmartiauxcompiegnois.fr\/index.php?rest_route=\/tribe\/events\/v1\/tags"}},{"name":"Arts Martiaux Compi\u00e9gnois","slug":"arts-martiaux-compiegnois","term_group":0,"term_taxonomy_id":51,"taxonomy":"post_tag","description":"","parent":0,"count":217,"filter":"raw","id":51,"urls":{"self":"https:\/\/artsmartiauxcompiegnois.fr\/index.php?rest_route=\/tribe\/events\/v1\/tags\/51","collection":"https:\/\/artsmartiauxcompiegnois.fr\/index.php?rest_route=\/tribe\/events\/v1\/tags"}},{"name":"compiegne","slug":"compiegne","term_group":0,"term_taxonomy_id":53,"taxonomy":"post_tag","description":"","parent":0,"count":24,"filter":"raw","id":53,"urls":{"self":"https:\/\/artsmartiauxcompiegnois.fr\/index.php?rest_route=\/tribe\/events\/v1\/tags\/53","collection":"https:\/\/artsmartiauxcompiegnois.fr\/index.php?rest_route=\/tribe\/events\/v1\/tags"}},{"name":"Judo","slug":"s1-judo","term_group":0,"term_taxonomy_id":54,"taxonomy":"post_tag","description":"","parent":0,"count":47,"filter":"raw","id":179,"urls":{"self":"https:\/\/artsmartiauxcompiegnois.fr\/index.php?rest_route=\/tribe\/events\/v1\/tags\/179","collection":"https:\/\/artsmartiauxcompiegnois.fr\/index.php?rest_route=\/tribe\/events\/v1\/tags"}},{"name":"K1","slug":"k1","term_group":0,"term_taxonomy_id":112,"taxonomy":"post_tag","description":"","parent":0,"count":10,"filter":"raw","id":111,"urls":{"self":"https:\/\/artsmartiauxcompiegnois.fr\/index.php?rest_route=\/tribe\/events\/v1\/tags\/111","collection":"https:\/\/artsmartiauxcompiegnois.fr\/index.php?rest_route=\/tribe\/events\/v1\/tags"}},{"name":"Karate","slug":"karate","term_group":0,"term_taxonomy_id":56,"taxonomy":"post_tag","description":"","parent":0,"count":86,"filter":"raw","id":55,"urls":{"self":"https:\/\/artsmartiauxcompiegnois.fr\/index.php?rest_route=\/tribe\/events\/v1\/tags\/55","collection":"https:\/\/artsmartiauxcompiegnois.fr\/index.php?rest_route=\/tribe\/events\/v1\/tags"}},{"name":"Paris","slug":"paris","term_group":0,"term_taxonomy_id":111,"taxonomy":"post_tag","description":"","parent":0,"count":2,"filter":"raw","id":110,"urls":{"self":"https:\/\/artsmartiauxcompiegnois.fr\/index.php?rest_route=\/tribe\/events\/v1\/tags\/110","collection":"https:\/\/artsmartiauxcompiegnois.fr\/index.php?rest_route=\/tribe\/events\/v1\/tags"}}],"venue":{"id":1149,"author":"1","status":"publish","date":"2015-01-10 23:53:20","date_utc":"2015-01-10 21:53:20","modified":"2015-01-10 23:53:20","modified_utc":"2015-01-10 21:53:20","url":"https:\/\/artsmartiauxcompiegnois.fr\/?tribe_venue=palais-des-congres","venue":"Palais des Congr\u00e8s","slug":"palais-des-congres","address":"2 Place de la Porte Maillot","city":"Paris","country":"France","zip":"75017","json_ld":{"@type":"Place","name":"Palais des Congr\u00e8s","description":"","url":"","address":{"@type":"PostalAddress","streetAddress":"2 Place de la Porte Maillot","addressLocality":"Paris","postalCode":"75017","addressCountry":"France"},"telephone":"","sameAs":""},"show_map":true,"show_map_link":true,"global_id":"artsmartiauxcompiegnois.fr?id=1149","global_id_lineage":["artsmartiauxcompiegnois.fr?id=1149"]},"organizer":[],"json_ld":{"@context":"http:\/\/schema.org","@type":"Event","name":"Les AMC pr\u00e9sent au Festival des Arts Martiaux \u00e0 Paris","description":"&lt;p&gt;&nbsp; &nbsp; Nous avons l\u2019honneur et le plaisir de vous informer\u00a0 que\u00a0 notre club a \u00e9t\u00e9 retenu pour participer au 30\u00e8me Festival des Arts Martiaux qui se d\u00e9roulera le samedi 7 mars 2015 au Palais des Congr\u00e8s de Paris. Le plus grand Festival d\u2019Arts Martiaux au Monde. Notre Club est fier de repr\u00e9senter le Compi\u00e9gnois [&hellip;]&lt;\/p&gt;\\n","image":"https:\/\/artsmartiauxcompiegnois.fr\/wp-content\/uploads\/2015\/01\/amc_fly_a5_festival_am-R.jpg","url":"https:\/\/artsmartiauxcompiegnois.fr\/?tribe_events=les-amc-present-au-festival-des-arts-martiaux-a-paris","startDate":"2015-03-07T00:00:00+02:00","endDate":"2015-03-07T23:59:59+02:00","location":{"@type":"Place","name":"Palais des Congr\u00e8s","description":"","url":"","address":{"@type":"PostalAddress","streetAddress":"2 Place de la Porte Maillot","addressLocality":"Paris","postalCode":"75017","addressCountry":"France"},"telephone":"","sameAs":""},"performer":"Organization"}}