{"id":2644,"global_id":"artsmartiauxcompiegnois.fr?id=2644","global_id_lineage":["artsmartiauxcompiegnois.fr?id=2644"],"author":"1","status":"publish","date":"2015-09-17 20:27:33","date_utc":"2015-09-17 18:27:33","modified":"2015-09-17 20:27:33","modified_utc":"2015-09-17 18:27:33","url":"https:\/\/artsmartiauxcompiegnois.fr\/?tribe_events=journee-de-demo-sur-carrefour-venette","rest_url":"https:\/\/artsmartiauxcompiegnois.fr\/index.php?rest_route=\/tribe\/events\/v1\/events\/2644","title":"Journ\u00e9e de D\u00e9mo sur Carrefour Venette","description":"<p>Venez d\u00e9couvrir \u00a0nos disciplines pendant une journ\u00e9e de d\u00e9monstration et d&rsquo;initiation &#8230;<\/p>","excerpt":"","slug":"journee-de-demo-sur-carrefour-venette","image":{"url":"https:\/\/artsmartiauxcompiegnois.fr\/wp-content\/uploads\/2015\/09\/fetes-assoc-club-carrefour2015.jpg","id":2643,"extension":"jpg","width":960,"height":720,"sizes":{"thumbnail":{"width":150,"height":150,"mime-type":"image\/jpeg","url":"https:\/\/artsmartiauxcompiegnois.fr\/wp-content\/uploads\/2015\/09\/fetes-assoc-club-carrefour2015-150x150.jpg"},"medium":{"width":300,"height":225,"mime-type":"image\/jpeg","url":"https:\/\/artsmartiauxcompiegnois.fr\/wp-content\/uploads\/2015\/09\/fetes-assoc-club-carrefour2015-300x225.jpg"},"home-blog-thumb":{"width":178,"height":133,"mime-type":"image\/jpeg","url":"https:\/\/artsmartiauxcompiegnois.fr\/wp-content\/uploads\/2015\/09\/fetes-assoc-club-carrefour2015-178x133.jpg"}}},"all_day":false,"start_date":"2015-09-26 09:00:00","start_date_details":{"year":"2015","month":"09","day":"26","hour":"09","minutes":"00","seconds":"00"},"end_date":"2015-09-26 18:00:00","end_date_details":{"year":"2015","month":"09","day":"26","hour":"18","minutes":"00","seconds":"00"},"utc_start_date":null,"utc_start_date_details":{"year":"1970","month":"01","day":"01","hour":"00","minutes":"00","seconds":"00"},"utc_end_date":null,"utc_end_date_details":{"year":"1970","month":"01","day":"01","hour":"00","minutes":"00","seconds":"00"},"timezone":"","timezone_abbr":"","cost":"","cost_details":{"currency_symbol":"\u20ac","currency_code":"","currency_position":"prefix","values":[]},"website":"","show_map":true,"show_map_link":true,"hide_from_listings":false,"sticky":false,"featured":false,"categories":[],"tags":[],"venue":{"id":1353,"author":"1","status":"publish","date":"2015-03-16 22:01:56","date_utc":"2015-03-16 20:01:56","modified":"2015-03-16 22:01:56","modified_utc":"2015-03-16 20:01:56","url":"https:\/\/artsmartiauxcompiegnois.fr\/?tribe_venue=carrefour-venette","venue":"Carrefour Venette","slug":"carrefour-venette","json_ld":{"@type":"Place","name":"Carrefour Venette","description":"","url":"","address":{"@type":"PostalAddress"},"telephone":"","sameAs":""},"show_map":true,"show_map_link":true,"global_id":"artsmartiauxcompiegnois.fr?id=1353","global_id_lineage":["artsmartiauxcompiegnois.fr?id=1353"]},"organizer":[{"id":1131,"author":"1","status":"publish","date":"2015-01-08 20:11:12","date_utc":"2015-01-08 18:11:12","modified":"2015-01-08 20:11:12","modified_utc":"2015-01-08 18:11:12","url":"https:\/\/artsmartiauxcompiegnois.fr\/?tribe_organizer=les-arts-martiaux-compiegnois","organizer":"Les Arts Martiaux compi\u00e8gnois","slug":"les-arts-martiaux-compiegnois","phone":"03.44.86.05.76","json_ld":{"@type":"Person","name":"Les Arts Martiaux compi\u00e8gnois","description":"","url":"","telephone":"03.44.86.05.76","email":"","sameAs":""},"global_id":"artsmartiauxcompiegnois.fr?id=1131","global_id_lineage":["artsmartiauxcompiegnois.fr?id=1131"]}],"json_ld":{"@context":"http:\/\/schema.org","@type":"Event","name":"Journ\u00e9e de D\u00e9mo sur Carrefour Venette","description":"&lt;p&gt;Venez d\u00e9couvrir \u00a0nos disciplines pendant une journ\u00e9e de d\u00e9monstration et d\\'initiation ...&lt;\/p&gt;\\n","image":"https:\/\/artsmartiauxcompiegnois.fr\/wp-content\/uploads\/2015\/09\/fetes-assoc-club-carrefour2015.jpg","url":"https:\/\/artsmartiauxcompiegnois.fr\/?tribe_events=journee-de-demo-sur-carrefour-venette","startDate":"2015-09-26T09:00:00+02:00","endDate":"2015-09-26T18:00:00+02:00","location":{"@type":"Place","name":"Carrefour Venette","description":"","url":"","address":{"@type":"PostalAddress"},"telephone":"","sameAs":""},"organizer":{"@type":"Person","name":"Les Arts Martiaux compi\u00e8gnois","description":"","url":"","telephone":"03.44.86.05.76","email":"","sameAs":""},"performer":"Organization"}}