{"id":5681,"global_id":"artsmartiauxcompiegnois.fr?id=5681","global_id_lineage":["artsmartiauxcompiegnois.fr?id=5681"],"author":"1","status":"publish","date":"2018-04-12 15:58:42","date_utc":"2018-04-12 13:58:42","modified":"2018-04-12 17:54:29","modified_utc":"2018-04-12 15:54:29","url":"https:\/\/artsmartiauxcompiegnois.fr\/?tribe_events=stage-de-self-defense-a-creil","rest_url":"https:\/\/artsmartiauxcompiegnois.fr\/index.php?rest_route=\/tribe\/events\/v1\/events\/5681","title":"Stage de Self-D\u00e9fense \u00e0 Creil","description":"<p>Le Comit\u00e9 D\u00e9partemental de l&rsquo;Oise de Karat\u00e9, organise un stage de Self D\u00e9fense, anim\u00e9 par :<\/p>\n<ul>\n<li>Patrick Zamudio, ceinture noire, 6\u00e8me Dan,<\/li>\n<li>Alexandre Debauve, ceinture noire 1\u00e8re Dan.<\/li>\n<\/ul>\n<p>R\u00e9servez d&rsquo;ores et d\u00e9j\u00e0 cette date dans vos plannings.<\/p>\n<p>Des informations compl\u00e9mentaires (adresse et affiche vous seront communiqu\u00e9es prochainement).<\/p>","excerpt":"","slug":"stage-de-self-defense-a-creil","image":false,"all_day":false,"start_date":"2018-05-19 14:00:00","start_date_details":{"year":"2018","month":"05","day":"19","hour":"14","minutes":"00","seconds":"00"},"end_date":"2018-05-19 17:00:00","end_date_details":{"year":"2018","month":"05","day":"19","hour":"17","minutes":"00","seconds":"00"},"utc_start_date":"2018-05-19 12:00:00","utc_start_date_details":{"year":"2018","month":"05","day":"19","hour":"12","minutes":"00","seconds":"00"},"utc_end_date":"2018-05-19 15:00:00","utc_end_date_details":{"year":"2018","month":"05","day":"19","hour":"15","minutes":"00","seconds":"00"},"timezone":"UTC+2","timezone_abbr":"","cost":"","cost_details":{"currency_symbol":"","currency_code":"","currency_position":"prefix","values":[]},"website":"","show_map":true,"show_map_link":true,"hide_from_listings":false,"sticky":false,"featured":false,"categories":[],"tags":[],"venue":[],"organizer":[{"id":4286,"author":"1","status":"publish","date":"2017-11-18 18:57:47","date_utc":"2017-11-18 16:57:47","modified":"2017-11-18 18:57:47","modified_utc":"2017-11-18 16:57:47","url":"https:\/\/artsmartiauxcompiegnois.fr\/?tribe_organizer=comite-de-loise-de-karate","organizer":"Comit\u00e9 de l\u2019Oise de Karat\u00e9","slug":"comite-de-loise-de-karate","json_ld":{"@type":"Person","name":"Comit\u00e9 de l\u2019Oise de Karat\u00e9","description":"","url":"","telephone":"","email":"","sameAs":""},"global_id":"artsmartiauxcompiegnois.fr?id=4286","global_id_lineage":["artsmartiauxcompiegnois.fr?id=4286"]}],"json_ld":{"@context":"http:\/\/schema.org","@type":"Event","name":"Stage de Self-D\u00e9fense \u00e0 Creil","description":"&lt;p&gt;Le Comit\u00e9 D\u00e9partemental de l\\'Oise de Karat\u00e9, organise un stage de Self D\u00e9fense, anim\u00e9 par : Patrick Zamudio, ceinture noire, 6\u00e8me Dan, Alexandre Debauve, ceinture noire 1\u00e8re Dan. R\u00e9servez d\\'ores et d\u00e9j\u00e0 cette date dans vos plannings. Des informations compl\u00e9mentaires (adresse et affiche vous seront communiqu\u00e9es prochainement).&lt;\/p&gt;\\n","url":"https:\/\/artsmartiauxcompiegnois.fr\/?tribe_events=stage-de-self-defense-a-creil","startDate":"2018-05-19T14:00:00+02:00","endDate":"2018-05-19T17:00:00+02:00","organizer":{"@type":"Person","name":"Comit\u00e9 de l\u2019Oise de Karat\u00e9","description":"","url":"","telephone":"","email":"","sameAs":""},"performer":"Organization"}}