{"id":7610,"global_id":"artsmartiauxcompiegnois.fr?id=7610","global_id_lineage":["artsmartiauxcompiegnois.fr?id=7610"],"author":"1","status":"publish","date":"2018-12-20 22:07:15","date_utc":"2018-12-20 20:07:15","modified":"2018-12-20 22:07:15","modified_utc":"2018-12-20 20:07:15","url":"https:\/\/artsmartiauxcompiegnois.fr\/?tribe_events=coupe-de-france-iba-karate-a-chambly-60230","rest_url":"https:\/\/artsmartiauxcompiegnois.fr\/index.php?rest_route=\/tribe\/events\/v1\/events\/7610","title":"Coupe de France IBA &#8211; Karat\u00e9 \u00e0 Chambly (60230)","description":"<p><a href=\"http:\/\/artsmartiauxcompiegnois.fr\/wp-content\/uploads\/2018\/12\/coupe-france-karat\u00e9-2019.png.png\"><img loading=\"lazy\" class=\"alignnone  wp-image-7611\" src=\"http:\/\/artsmartiauxcompiegnois.fr\/wp-content\/uploads\/2018\/12\/coupe-france-karat\u00e9-2019.png-212x300.png\" alt=\"\" width=\"296\" height=\"417\" srcset=\"https:\/\/artsmartiauxcompiegnois.fr\/wp-content\/uploads\/2018\/12\/coupe-france-karat\u00e9-2019.png-212x300.png 212w, https:\/\/artsmartiauxcompiegnois.fr\/wp-content\/uploads\/2018\/12\/coupe-france-karat\u00e9-2019.png-126x178.png 126w, https:\/\/artsmartiauxcompiegnois.fr\/wp-content\/uploads\/2018\/12\/coupe-france-karat\u00e9-2019.png.png 1240w\" sizes=\"(max-width: 296px) 100vw, 296px\" \/><\/a><\/p>","excerpt":"<p>KATA &#8211; KUMITE de Poussins \u00e0 V\u00e9t\u00e9rans<br \/>\nInscription : 10 \u20ac comp\u00e9titeur \/ spectateur et accompagnateur : 3 \u20ac<\/p>","slug":"coupe-de-france-iba-karate-a-chambly-60230","image":false,"all_day":true,"start_date":"2019-01-27 00:00:00","start_date_details":{"year":"2019","month":"01","day":"27","hour":"00","minutes":"00","seconds":"00"},"end_date":"2019-01-27 23:59:59","end_date_details":{"year":"2019","month":"01","day":"27","hour":"23","minutes":"59","seconds":"59"},"utc_start_date":"2019-01-26 22:00:00","utc_start_date_details":{"year":"2019","month":"01","day":"26","hour":"22","minutes":"00","seconds":"00"},"utc_end_date":"2019-01-27 21:59:59","utc_end_date_details":{"year":"2019","month":"01","day":"27","hour":"21","minutes":"59","seconds":"59"},"timezone":"UTC+2","timezone_abbr":"UTC+2","cost":"","cost_details":{"currency_symbol":"","currency_code":"","currency_position":"suffix","values":[]},"website":"","show_map":true,"show_map_link":true,"hide_from_listings":false,"sticky":true,"featured":false,"categories":[],"tags":[{"name":"Arts Martiaux Compi\u00e9gnois","slug":"arts-martiaux-compiegnois","term_group":0,"term_taxonomy_id":51,"taxonomy":"post_tag","description":"","parent":0,"count":217,"filter":"raw","id":51,"urls":{"self":"https:\/\/artsmartiauxcompiegnois.fr\/index.php?rest_route=\/tribe\/events\/v1\/tags\/51","collection":"https:\/\/artsmartiauxcompiegnois.fr\/index.php?rest_route=\/tribe\/events\/v1\/tags"}},{"name":"Coupe de France","slug":"coupe-de-france","term_group":0,"term_taxonomy_id":247,"taxonomy":"post_tag","description":"","parent":0,"count":4,"filter":"raw","id":247,"urls":{"self":"https:\/\/artsmartiauxcompiegnois.fr\/index.php?rest_route=\/tribe\/events\/v1\/tags\/247","collection":"https:\/\/artsmartiauxcompiegnois.fr\/index.php?rest_route=\/tribe\/events\/v1\/tags"}},{"name":"Karate","slug":"karate","term_group":0,"term_taxonomy_id":56,"taxonomy":"post_tag","description":"","parent":0,"count":86,"filter":"raw","id":55,"urls":{"self":"https:\/\/artsmartiauxcompiegnois.fr\/index.php?rest_route=\/tribe\/events\/v1\/tags\/55","collection":"https:\/\/artsmartiauxcompiegnois.fr\/index.php?rest_route=\/tribe\/events\/v1\/tags"}}],"venue":[],"organizer":[],"json_ld":{"@context":"http:\/\/schema.org","@type":"Event","name":"Coupe de France IBA &#8211; Karat\u00e9 \u00e0 Chambly (60230)","description":"&lt;p&gt;KATA - KUMITE de Poussins \u00e0 V\u00e9t\u00e9rans&lt;br \/&gt;\\nInscription : 10 \u20ac comp\u00e9titeur \/ spectateur et accompagnateur : 3 \u20ac&lt;\/p&gt;\\n","url":"https:\/\/artsmartiauxcompiegnois.fr\/?tribe_events=coupe-de-france-iba-karate-a-chambly-60230","startDate":"2019-01-27T00:00:00+02:00","endDate":"2019-01-27T23:59:59+02:00","performer":"Organization"}}