{"id":10101,"date":"2020-06-28T15:06:59","date_gmt":"2020-06-28T13:06:59","guid":{"rendered":"http:\/\/artsmartiauxcompiegnois.fr\/?p=10101"},"modified":"2020-06-28T15:30:22","modified_gmt":"2020-06-28T13:30:22","slug":"section-lutte-de-belles-perspectives-pour-la-prochaine-saison-2020-2021","status":"publish","type":"post","link":"https:\/\/artsmartiauxcompiegnois.fr\/?p=10101","title":{"rendered":"Section Lutte : de belles perspectives pour la prochaine saison 2020-2021"},"content":{"rendered":"<p>Le 26 juin dernier, le Pr\u00e9sident du Club, Akim Bahmed, et le responsable de la section Lutte, Adam Stankovic, ont re\u00e7u au Club, une d\u00e9l\u00e9gartion de la lutte des Hauts de France repr\u00e9sent\u00e9e par son Vice-Pr\u00e9sident G\u00e9rard Vanelstande et la Directrice Technique Nationale de Lutten Virginie THOBOR.<\/p>\n<p>Un projet commun aux diff\u00e9rents clubs a \u00e9t\u00e9 pr\u00e9sent\u00e9 \u00e0 l&rsquo;instance f\u00e9d\u00e9rale, pour le d\u00e9veloppement des combats hybrides.<\/p>\n<p>Ce dossier sera pr\u00e9sent\u00e9 l&rsquo;Assembl\u00e9e G\u00e9n\u00e9rale de la Ligue des Hauts de France de Lutte en septembre 2020.<\/p>\n<p><a href=\"http:\/\/artsmartiauxcompiegnois.fr\/wp-content\/uploads\/2020\/06\/Lutte-IMG_0898.jpeg\"><img loading=\"lazy\" class=\"aligncenter wp-image-10104\" src=\"http:\/\/artsmartiauxcompiegnois.fr\/wp-content\/uploads\/2020\/06\/Lutte-IMG_0898.jpeg\" alt=\"\" width=\"632\" height=\"474\" srcset=\"https:\/\/artsmartiauxcompiegnois.fr\/wp-content\/uploads\/2020\/06\/Lutte-IMG_0898.jpeg 640w, https:\/\/artsmartiauxcompiegnois.fr\/wp-content\/uploads\/2020\/06\/Lutte-IMG_0898-300x225.jpeg 300w, https:\/\/artsmartiauxcompiegnois.fr\/wp-content\/uploads\/2020\/06\/Lutte-IMG_0898-178x134.jpeg 178w\" sizes=\"(max-width: 632px) 100vw, 632px\" \/><\/a><a href=\"http:\/\/artsmartiauxcompiegnois.fr\/wp-content\/uploads\/2020\/06\/Lutte-IMG_0899.jpeg\"><img loading=\"lazy\" class=\"aligncenter size-full wp-image-10103\" src=\"http:\/\/artsmartiauxcompiegnois.fr\/wp-content\/uploads\/2020\/06\/Lutte-IMG_0899.jpeg\" alt=\"\" width=\"640\" height=\"480\" srcset=\"https:\/\/artsmartiauxcompiegnois.fr\/wp-content\/uploads\/2020\/06\/Lutte-IMG_0899.jpeg 640w, https:\/\/artsmartiauxcompiegnois.fr\/wp-content\/uploads\/2020\/06\/Lutte-IMG_0899-300x225.jpeg 300w, https:\/\/artsmartiauxcompiegnois.fr\/wp-content\/uploads\/2020\/06\/Lutte-IMG_0899-178x134.jpeg 178w\" sizes=\"(max-width: 640px) 100vw, 640px\" \/><\/a><\/p>\n","protected":false},"excerpt":{"rendered":"<p>Le 26 juin dernier, le Pr\u00e9sident du Club, Akim Bahmed, et le responsable de la section Lutte, Adam Stankovic, ont re\u00e7u au Club, une d\u00e9l\u00e9gartion de la lutte des Hauts de France repr\u00e9sent\u00e9e par son Vice-Pr\u00e9sident G\u00e9rard Vanelstande et la Directrice Technique Nationale de Lutten Virginie THOBOR. Un projet commun aux diff\u00e9rents clubs a \u00e9t\u00e9 [&hellip;]<\/p>\n","protected":false},"author":1,"featured_media":0,"comment_status":"open","ping_status":"open","sticky":false,"template":"","format":"standard","meta":[],"categories":[140,7],"tags":[51,315],"_links":{"self":[{"href":"https:\/\/artsmartiauxcompiegnois.fr\/index.php?rest_route=\/wp\/v2\/posts\/10101"}],"collection":[{"href":"https:\/\/artsmartiauxcompiegnois.fr\/index.php?rest_route=\/wp\/v2\/posts"}],"about":[{"href":"https:\/\/artsmartiauxcompiegnois.fr\/index.php?rest_route=\/wp\/v2\/types\/post"}],"author":[{"embeddable":true,"href":"https:\/\/artsmartiauxcompiegnois.fr\/index.php?rest_route=\/wp\/v2\/users\/1"}],"replies":[{"embeddable":true,"href":"https:\/\/artsmartiauxcompiegnois.fr\/index.php?rest_route=%2Fwp%2Fv2%2Fcomments&post=10101"}],"version-history":[{"count":3,"href":"https:\/\/artsmartiauxcompiegnois.fr\/index.php?rest_route=\/wp\/v2\/posts\/10101\/revisions"}],"predecessor-version":[{"id":10106,"href":"https:\/\/artsmartiauxcompiegnois.fr\/index.php?rest_route=\/wp\/v2\/posts\/10101\/revisions\/10106"}],"wp:attachment":[{"href":"https:\/\/artsmartiauxcompiegnois.fr\/index.php?rest_route=%2Fwp%2Fv2%2Fmedia&parent=10101"}],"wp:term":[{"taxonomy":"category","embeddable":true,"href":"https:\/\/artsmartiauxcompiegnois.fr\/index.php?rest_route=%2Fwp%2Fv2%2Fcategories&post=10101"},{"taxonomy":"post_tag","embeddable":true,"href":"https:\/\/artsmartiauxcompiegnois.fr\/index.php?rest_route=%2Fwp%2Fv2%2Ftags&post=10101"}],"curies":[{"name":"wp","href":"https:\/\/api.w.org\/{rel}","templated":true}]}}