{"id":10199,"date":"2020-09-12T11:00:48","date_gmt":"2020-09-12T09:00:48","guid":{"rendered":"http:\/\/artsmartiauxcompiegnois.fr\/?p=10199"},"modified":"2020-09-12T11:00:48","modified_gmt":"2020-09-12T09:00:48","slug":"forum-des-associations-12-septembre-2020","status":"publish","type":"post","link":"https:\/\/artsmartiauxcompiegnois.fr\/?p=10199","title":{"rendered":"Forum des Associations &#8211; 12 septembre 2020"},"content":{"rendered":"<p>Le Club des Arts Martiaux Compi\u00e9gnois est pr\u00e9sent\u00a0 sur le Forum des Associations de Compi\u00e8gne.<\/p>\n<p>Ce forum, en raison de la crise sanitaire et des gestes barri\u00e8re, ne pr\u00e9sente pas cette ann\u00e9e de d\u00e9monstrations.<\/p>\n<p>Venez nous retrouver nombreux pour d\u00e9couvrir le 11 disciplines enseign\u00e9es au Club au cours de 39 s\u00e9ances d&rsquo;entra\u00eenements hebdomadaires.<\/p>\n<p>Maryline sera heureuse de vous accueillir \u00e0 notre stand et r\u00e9pondra \u00e0 vos questions.<\/p>\n<p>Nous vous attendons nombreux tout au long de cette journ\u00e9e<\/p>\n","protected":false},"excerpt":{"rendered":"<p>Le Club des Arts Martiaux Compi\u00e9gnois est pr\u00e9sent\u00a0 sur le Forum des Associations de Compi\u00e8gne. Ce forum, en raison de la crise sanitaire et des gestes barri\u00e8re, ne pr\u00e9sente pas cette ann\u00e9e de d\u00e9monstrations. Venez nous retrouver nombreux pour d\u00e9couvrir le 11 disciplines enseign\u00e9es au Club au cours de 39 s\u00e9ances d&rsquo;entra\u00eenements hebdomadaires. Maryline sera [&hellip;]<\/p>\n","protected":false},"author":1,"featured_media":10200,"comment_status":"open","ping_status":"open","sticky":false,"template":"","format":"standard","meta":[],"categories":[81],"tags":[51,137,246,351,353,179,118,354,129,352,106,63,355,318,324,147],"_links":{"self":[{"href":"https:\/\/artsmartiauxcompiegnois.fr\/index.php?rest_route=\/wp\/v2\/posts\/10199"}],"collection":[{"href":"https:\/\/artsmartiauxcompiegnois.fr\/index.php?rest_route=\/wp\/v2\/posts"}],"about":[{"href":"https:\/\/artsmartiauxcompiegnois.fr\/index.php?rest_route=\/wp\/v2\/types\/post"}],"author":[{"embeddable":true,"href":"https:\/\/artsmartiauxcompiegnois.fr\/index.php?rest_route=\/wp\/v2\/users\/1"}],"replies":[{"embeddable":true,"href":"https:\/\/artsmartiauxcompiegnois.fr\/index.php?rest_route=%2Fwp%2Fv2%2Fcomments&post=10199"}],"version-history":[{"count":1,"href":"https:\/\/artsmartiauxcompiegnois.fr\/index.php?rest_route=\/wp\/v2\/posts\/10199\/revisions"}],"predecessor-version":[{"id":10201,"href":"https:\/\/artsmartiauxcompiegnois.fr\/index.php?rest_route=\/wp\/v2\/posts\/10199\/revisions\/10201"}],"wp:featuredmedia":[{"embeddable":true,"href":"https:\/\/artsmartiauxcompiegnois.fr\/index.php?rest_route=\/wp\/v2\/media\/10200"}],"wp:attachment":[{"href":"https:\/\/artsmartiauxcompiegnois.fr\/index.php?rest_route=%2Fwp%2Fv2%2Fmedia&parent=10199"}],"wp:term":[{"taxonomy":"category","embeddable":true,"href":"https:\/\/artsmartiauxcompiegnois.fr\/index.php?rest_route=%2Fwp%2Fv2%2Fcategories&post=10199"},{"taxonomy":"post_tag","embeddable":true,"href":"https:\/\/artsmartiauxcompiegnois.fr\/index.php?rest_route=%2Fwp%2Fv2%2Ftags&post=10199"}],"curies":[{"name":"wp","href":"https:\/\/api.w.org\/{rel}","templated":true}]}}