{"id":10316,"date":"2020-11-05T07:50:23","date_gmt":"2020-11-05T05:50:23","guid":{"rendered":"http:\/\/artsmartiauxcompiegnois.fr\/?p=10316"},"modified":"2020-11-01T13:44:25","modified_gmt":"2020-11-01T11:44:25","slug":"les-arts-martiaux-compiegnois-un-club-des-valeurs-des-engagements","status":"publish","type":"post","link":"https:\/\/artsmartiauxcompiegnois.fr\/?p=10316","title":{"rendered":"Les Arts Martiaux Compi\u00e9gnois : un Club, des valeurs, des engagements"},"content":{"rendered":"<div>\n<p style=\"text-align: justify;\">Certains des encadrants du Club des Arts Martiaux Compi\u00e9gnois sont engag\u00e9s, entre autres, dans les instances d\u00e9partementales comme le Comit\u00e9 D\u00e9partemental de Karat\u00e9 de l&rsquo;Oise, de la Zone Inter D\u00e9partementales de Picardie et ligue r\u00e9gionale des Hauts de France.<\/p>\n<p style=\"text-align: justify;\">A l&rsquo;instar des saisons pr\u00e9c\u00e9dentes, le Club des Arts Martiaux doit recevoir en 2020-2021 de nombreux \u00e9v\u00e9nements sportifs \u00e0 Compi\u00e8gne.<\/p>\n<p style=\"text-align: justify;\">Tout comme vous, nous esp\u00e9rons que ce calendrier sportif ne sera pas remis en cause, comme l&rsquo;a \u00e9t\u00e9 celui de la saison 2019-2020.<\/p>\n<p style=\"text-align: justify;\">Engag\u00e9 dans le sport, engag\u00e9 dans les valeurs morales, garant des r\u00e8gles de pr\u00e9vention contre de Covid, notre Club n&rsquo;h\u00e9sitera pas \u00e0 prendre les d\u00e9cisions n\u00e9cessaires \u00e0 la pr\u00e9servation de la sant\u00e9 de tous.<\/p>\n<\/div>\n","protected":false},"excerpt":{"rendered":"<p>Certains des encadrants du Club des Arts Martiaux Compi\u00e9gnois sont engag\u00e9s, entre autres, dans les instances d\u00e9partementales comme le Comit\u00e9 D\u00e9partemental de Karat\u00e9 de l&rsquo;Oise, de la Zone Inter D\u00e9partementales de Picardie et ligue r\u00e9gionale des Hauts de France. A l&rsquo;instar des saisons pr\u00e9c\u00e9dentes, le Club des Arts Martiaux doit recevoir en 2020-2021 de nombreux [&hellip;]<\/p>\n","protected":false},"author":1,"featured_media":0,"comment_status":"closed","ping_status":"open","sticky":false,"template":"","format":"standard","meta":[],"categories":[256,328,3,81,2,4,235,140,7,269,6,362,5],"tags":[51,227,298,254,299,240],"_links":{"self":[{"href":"https:\/\/artsmartiauxcompiegnois.fr\/index.php?rest_route=\/wp\/v2\/posts\/10316"}],"collection":[{"href":"https:\/\/artsmartiauxcompiegnois.fr\/index.php?rest_route=\/wp\/v2\/posts"}],"about":[{"href":"https:\/\/artsmartiauxcompiegnois.fr\/index.php?rest_route=\/wp\/v2\/types\/post"}],"author":[{"embeddable":true,"href":"https:\/\/artsmartiauxcompiegnois.fr\/index.php?rest_route=\/wp\/v2\/users\/1"}],"replies":[{"embeddable":true,"href":"https:\/\/artsmartiauxcompiegnois.fr\/index.php?rest_route=%2Fwp%2Fv2%2Fcomments&post=10316"}],"version-history":[{"count":3,"href":"https:\/\/artsmartiauxcompiegnois.fr\/index.php?rest_route=\/wp\/v2\/posts\/10316\/revisions"}],"predecessor-version":[{"id":10319,"href":"https:\/\/artsmartiauxcompiegnois.fr\/index.php?rest_route=\/wp\/v2\/posts\/10316\/revisions\/10319"}],"wp:attachment":[{"href":"https:\/\/artsmartiauxcompiegnois.fr\/index.php?rest_route=%2Fwp%2Fv2%2Fmedia&parent=10316"}],"wp:term":[{"taxonomy":"category","embeddable":true,"href":"https:\/\/artsmartiauxcompiegnois.fr\/index.php?rest_route=%2Fwp%2Fv2%2Fcategories&post=10316"},{"taxonomy":"post_tag","embeddable":true,"href":"https:\/\/artsmartiauxcompiegnois.fr\/index.php?rest_route=%2Fwp%2Fv2%2Ftags&post=10316"}],"curies":[{"name":"wp","href":"https:\/\/api.w.org\/{rel}","templated":true}]}}