{"id":10320,"date":"2020-11-09T07:44:55","date_gmt":"2020-11-09T05:44:55","guid":{"rendered":"http:\/\/artsmartiauxcompiegnois.fr\/?p=10320"},"modified":"2020-11-01T13:49:38","modified_gmt":"2020-11-01T11:49:38","slug":"annulation-de-lopen-karate-de-picardie-des-jeunes","status":"publish","type":"post","link":"https:\/\/artsmartiauxcompiegnois.fr\/?p=10320","title":{"rendered":"Annulation de l&rsquo;Open Karat\u00e9 de Picardie des Jeunes"},"content":{"rendered":"<p>A l&rsquo;instar des saisons pr\u00e9c\u00e9dentes de nombreux \u00e9v\u00e9nements sportifs (stages, comp\u00e9titions &#8230;) sont pr\u00e9vus au Club des Arts Martiaux Compi\u00e9gnois jusque fin juin 2021.<\/p>\n<p>Certains ont d\u00e9j\u00e0 eu lieu, mais celui du 08 novembre 2020, Open de Karat\u00e9 des Jeunes de la Zid Picardie a du \u00eatre annul\u00e9 et \u00e0 report\u00e9 \u00e0 une date ult\u00e9rieure, en raison du Confinement-\u00e9pisode 2.<\/p>\n<p>Ensemble, pr\u00e9servons la sant\u00e9 de tous !<\/p>\n","protected":false},"excerpt":{"rendered":"<p>A l&rsquo;instar des saisons pr\u00e9c\u00e9dentes de nombreux \u00e9v\u00e9nements sportifs (stages, comp\u00e9titions &#8230;) sont pr\u00e9vus au Club des Arts Martiaux Compi\u00e9gnois jusque fin juin 2021. Certains ont d\u00e9j\u00e0 eu lieu, mais celui du 08 novembre 2020, Open de Karat\u00e9 des Jeunes de la Zid Picardie a du \u00eatre annul\u00e9 et \u00e0 report\u00e9 \u00e0 une date ult\u00e9rieure, [&hellip;]<\/p>\n","protected":false},"author":1,"featured_media":10310,"comment_status":"closed","ping_status":"open","sticky":false,"template":"","format":"standard","meta":[],"categories":[4],"tags":[348,51,360,191,240],"_links":{"self":[{"href":"https:\/\/artsmartiauxcompiegnois.fr\/index.php?rest_route=\/wp\/v2\/posts\/10320"}],"collection":[{"href":"https:\/\/artsmartiauxcompiegnois.fr\/index.php?rest_route=\/wp\/v2\/posts"}],"about":[{"href":"https:\/\/artsmartiauxcompiegnois.fr\/index.php?rest_route=\/wp\/v2\/types\/post"}],"author":[{"embeddable":true,"href":"https:\/\/artsmartiauxcompiegnois.fr\/index.php?rest_route=\/wp\/v2\/users\/1"}],"replies":[{"embeddable":true,"href":"https:\/\/artsmartiauxcompiegnois.fr\/index.php?rest_route=%2Fwp%2Fv2%2Fcomments&post=10320"}],"version-history":[{"count":3,"href":"https:\/\/artsmartiauxcompiegnois.fr\/index.php?rest_route=\/wp\/v2\/posts\/10320\/revisions"}],"predecessor-version":[{"id":10323,"href":"https:\/\/artsmartiauxcompiegnois.fr\/index.php?rest_route=\/wp\/v2\/posts\/10320\/revisions\/10323"}],"wp:featuredmedia":[{"embeddable":true,"href":"https:\/\/artsmartiauxcompiegnois.fr\/index.php?rest_route=\/wp\/v2\/media\/10310"}],"wp:attachment":[{"href":"https:\/\/artsmartiauxcompiegnois.fr\/index.php?rest_route=%2Fwp%2Fv2%2Fmedia&parent=10320"}],"wp:term":[{"taxonomy":"category","embeddable":true,"href":"https:\/\/artsmartiauxcompiegnois.fr\/index.php?rest_route=%2Fwp%2Fv2%2Fcategories&post=10320"},{"taxonomy":"post_tag","embeddable":true,"href":"https:\/\/artsmartiauxcompiegnois.fr\/index.php?rest_route=%2Fwp%2Fv2%2Ftags&post=10320"}],"curies":[{"name":"wp","href":"https:\/\/api.w.org\/{rel}","templated":true}]}}