{"id":10328,"date":"2020-11-29T06:59:53","date_gmt":"2020-11-29T04:59:53","guid":{"rendered":"http:\/\/artsmartiauxcompiegnois.fr\/?p=10328"},"modified":"2020-11-01T14:07:26","modified_gmt":"2020-11-01T12:07:26","slug":"le-stage-du-29-novembre-2020-avec-serge-chouraqui-a-du-etre-annule","status":"publish","type":"post","link":"https:\/\/artsmartiauxcompiegnois.fr\/?p=10328","title":{"rendered":"Le stage du 29 novembre 2020 avec Serge Chouraqui a du \u00eatre annul\u00e9"},"content":{"rendered":"<p style=\"text-align: justify;\">Le stage du 29 novembre 2020, organis\u00e9 par le Comit\u00e9 D\u00e9partemental de Karat\u00e9 de l&rsquo;Oise avec la participation active du Club des Arts Martiaux Compi\u00e9gnois, anim\u00e9 par Serge Chouraqui, CN 9\u00b0Dan, a du -lui aussi-\u00a0 \u00eatre annul\u00e9 et report\u00e9 \u00e0 une date ult\u00e9rieure en raison des mesures de confinement.<\/p>\n<p><em>M\u00eame si cette nouvelle annulation nous d\u00e9sole, restons engag\u00e9s et solidaires face \u00e0 l&rsquo;\u00e9pid\u00e9mie.<\/em><\/p>\n","protected":false},"excerpt":{"rendered":"<p>Le stage du 29 novembre 2020, organis\u00e9 par le Comit\u00e9 D\u00e9partemental de Karat\u00e9 de l&rsquo;Oise avec la participation active du Club des Arts Martiaux Compi\u00e9gnois, anim\u00e9 par Serge Chouraqui, CN 9\u00b0Dan, a du -lui aussi-\u00a0 \u00eatre annul\u00e9 et report\u00e9 \u00e0 une date ult\u00e9rieure en raison des mesures de confinement. M\u00eame si cette nouvelle annulation nous [&hellip;]<\/p>\n","protected":false},"author":1,"featured_media":10314,"comment_status":"closed","ping_status":"open","sticky":false,"template":"","format":"standard","meta":[],"categories":[81,4,7],"tags":[348,51,227,360,357,344,114],"_links":{"self":[{"href":"https:\/\/artsmartiauxcompiegnois.fr\/index.php?rest_route=\/wp\/v2\/posts\/10328"}],"collection":[{"href":"https:\/\/artsmartiauxcompiegnois.fr\/index.php?rest_route=\/wp\/v2\/posts"}],"about":[{"href":"https:\/\/artsmartiauxcompiegnois.fr\/index.php?rest_route=\/wp\/v2\/types\/post"}],"author":[{"embeddable":true,"href":"https:\/\/artsmartiauxcompiegnois.fr\/index.php?rest_route=\/wp\/v2\/users\/1"}],"replies":[{"embeddable":true,"href":"https:\/\/artsmartiauxcompiegnois.fr\/index.php?rest_route=%2Fwp%2Fv2%2Fcomments&post=10328"}],"version-history":[{"count":2,"href":"https:\/\/artsmartiauxcompiegnois.fr\/index.php?rest_route=\/wp\/v2\/posts\/10328\/revisions"}],"predecessor-version":[{"id":10330,"href":"https:\/\/artsmartiauxcompiegnois.fr\/index.php?rest_route=\/wp\/v2\/posts\/10328\/revisions\/10330"}],"wp:featuredmedia":[{"embeddable":true,"href":"https:\/\/artsmartiauxcompiegnois.fr\/index.php?rest_route=\/wp\/v2\/media\/10314"}],"wp:attachment":[{"href":"https:\/\/artsmartiauxcompiegnois.fr\/index.php?rest_route=%2Fwp%2Fv2%2Fmedia&parent=10328"}],"wp:term":[{"taxonomy":"category","embeddable":true,"href":"https:\/\/artsmartiauxcompiegnois.fr\/index.php?rest_route=%2Fwp%2Fv2%2Fcategories&post=10328"},{"taxonomy":"post_tag","embeddable":true,"href":"https:\/\/artsmartiauxcompiegnois.fr\/index.php?rest_route=%2Fwp%2Fv2%2Ftags&post=10328"}],"curies":[{"name":"wp","href":"https:\/\/api.w.org\/{rel}","templated":true}]}}