{"id":10332,"date":"2020-11-27T17:29:02","date_gmt":"2020-11-27T15:29:02","guid":{"rendered":"http:\/\/artsmartiauxcompiegnois.fr\/?p=10332"},"modified":"2020-11-27T17:33:29","modified_gmt":"2020-11-27T15:33:29","slug":"deconfinement-progessif","status":"publish","type":"post","link":"https:\/\/artsmartiauxcompiegnois.fr\/?p=10332","title":{"rendered":"D\u00e9confinement progressif en d\u00e9cembre 2020"},"content":{"rendered":"<div class=\"\" data-block=\"true\" data-editor=\"6guvf\" data-offset-key=\"c7548-0-0\">\n<div class=\"_1mf _1mj\" style=\"text-align: justify;\" data-offset-key=\"c7548-0-0\"><span data-offset-key=\"c7548-0-0\">Le Pr\u00e9sident et le Premier Ministre ont d\u00e9clin\u00e9 les modalit\u00e9s de d\u00e9confinement progressif, conditionnant chaque \u00e9tape \u00e0 l&rsquo;atteinte d&rsquo;objectifs sanitaires. Ainsi, ils envisagent la, r\u00e9ouverture des activit\u00e9s extra-scolaires pour les mineurs, la veille des vacances scolaires de fin d&rsquo;ann\u00e9e 2020.<\/span><\/div>\n<\/div>\n<div class=\"\" data-block=\"true\" data-editor=\"6guvf\" data-offset-key=\"e7sj4-0-0\">\n<div class=\"_1mf _1mj\" data-offset-key=\"e7sj4-0-0\"><span data-offset-key=\"e7sj4-0-0\">\u00a0<\/span><\/div>\n<\/div>\n<div class=\"\" data-block=\"true\" data-editor=\"6guvf\" data-offset-key=\"sq53-0-0\">\n<div class=\"_1mf _1mj\" style=\"text-align: justify;\" data-offset-key=\"sq53-0-0\"><em>Compte-tenu des incertitudes actuelles, des cong\u00e9s de fin d&rsquo;ann\u00e9e, de la fermeture des services techniques de la ville, le Club des Arts Martiaux Compi\u00e9gnois diff\u00e8re donc cette reprise au 04 janvier 2021 pour les sportifs mineurs afin de vous accueillir dans les meilleures conditions (sous r\u00e9serves des dispositions l\u00e9gales en vigueur).<\/em><\/div>\n<\/div>\n<div class=\"\" data-block=\"true\" data-editor=\"6guvf\" data-offset-key=\"dptf4-0-0\">\n<div class=\"_1mf _1mj\" style=\"text-align: right;\" data-offset-key=\"dptf4-0-0\"><span data-offset-key=\"dptf4-0-0\">\u00a0<\/span><\/div>\n<\/div>\n<div class=\"\" data-block=\"true\" data-editor=\"6guvf\" data-offset-key=\"7ai7t-0-0\">\n<div class=\"_1mf _1mj\" style=\"text-align: justify;\" data-offset-key=\"7ai7t-0-0\"><span data-offset-key=\"7ai7t-0-0\">Le Comit\u00e9 de Direction du Club des Arts Martiaux Compi\u00e9gnois, vous souhaite de bonnes f\u00eates de fin d&rsquo;ann\u00e9e, en veillant \u00e0 la\u00a0 protection des personnes, tout particuli\u00e8rement envers nos grands-parents, nos parents,\u00a0 les personnes les plus fragiles, ainsi que nos proches.<\/span><\/div>\n<\/div>\n<div class=\"\" data-block=\"true\" data-editor=\"6guvf\" data-offset-key=\"98eo3-0-0\">\n<div class=\"_1mf _1mj\" data-offset-key=\"98eo3-0-0\"><span data-offset-key=\"98eo3-0-0\">\u00a0<\/span><\/div>\n<\/div>\n<div class=\"\" data-block=\"true\" data-editor=\"6guvf\" data-offset-key=\"881ta-0-0\">\n<div class=\"_1mf _1mj\" data-offset-key=\"881ta-0-0\"><span data-offset-key=\"881ta-0-0\">Nous sommes impatients de vous retrouver en 2021 dans des conditions aussi bonnes que possible.<\/span><\/div>\n<\/div>\n<div class=\"\" data-block=\"true\" data-editor=\"6guvf\" data-offset-key=\"8f5qo-0-0\">\n<div class=\"_1mf _1mj\" data-offset-key=\"8f5qo-0-0\"><span data-offset-key=\"8f5qo-0-0\">\u00a0<\/span><\/div>\n<\/div>\n<div class=\"\" data-block=\"true\" data-editor=\"6guvf\" data-offset-key=\"3nsb-0-0\">\n<div class=\"_1mf _1mj\" data-offset-key=\"3nsb-0-0\"><em>Prenez-soin de vous, portez-vous bien !<\/em><\/div>\n<\/div>\n<div class=\"\" data-block=\"true\" data-editor=\"6guvf\" data-offset-key=\"79gu4-0-0\">\n<div class=\"_1mf _1mj\" data-offset-key=\"79gu4-0-0\"><em>Bonne fin d&rsquo;ann\u00e9e \u00e0 toutes et tous.<\/em><\/div>\n<\/div>\n","protected":false},"excerpt":{"rendered":"<p>Le Pr\u00e9sident et le Premier Ministre ont d\u00e9clin\u00e9 les modalit\u00e9s de d\u00e9confinement progressif, conditionnant chaque \u00e9tape \u00e0 l&rsquo;atteinte d&rsquo;objectifs sanitaires. Ainsi, ils envisagent la, r\u00e9ouverture des activit\u00e9s extra-scolaires pour les mineurs, la veille des vacances scolaires de fin d&rsquo;ann\u00e9e 2020. \u00a0 Compte-tenu des incertitudes actuelles, des cong\u00e9s de fin d&rsquo;ann\u00e9e, de la fermeture des services [&hellip;]<\/p>\n","protected":false},"author":1,"featured_media":0,"comment_status":"closed","ping_status":"open","sticky":false,"template":"","format":"standard","meta":[],"categories":[81,7],"tags":[360,302],"_links":{"self":[{"href":"https:\/\/artsmartiauxcompiegnois.fr\/index.php?rest_route=\/wp\/v2\/posts\/10332"}],"collection":[{"href":"https:\/\/artsmartiauxcompiegnois.fr\/index.php?rest_route=\/wp\/v2\/posts"}],"about":[{"href":"https:\/\/artsmartiauxcompiegnois.fr\/index.php?rest_route=\/wp\/v2\/types\/post"}],"author":[{"embeddable":true,"href":"https:\/\/artsmartiauxcompiegnois.fr\/index.php?rest_route=\/wp\/v2\/users\/1"}],"replies":[{"embeddable":true,"href":"https:\/\/artsmartiauxcompiegnois.fr\/index.php?rest_route=%2Fwp%2Fv2%2Fcomments&post=10332"}],"version-history":[{"count":5,"href":"https:\/\/artsmartiauxcompiegnois.fr\/index.php?rest_route=\/wp\/v2\/posts\/10332\/revisions"}],"predecessor-version":[{"id":10337,"href":"https:\/\/artsmartiauxcompiegnois.fr\/index.php?rest_route=\/wp\/v2\/posts\/10332\/revisions\/10337"}],"wp:attachment":[{"href":"https:\/\/artsmartiauxcompiegnois.fr\/index.php?rest_route=%2Fwp%2Fv2%2Fmedia&parent=10332"}],"wp:term":[{"taxonomy":"category","embeddable":true,"href":"https:\/\/artsmartiauxcompiegnois.fr\/index.php?rest_route=%2Fwp%2Fv2%2Fcategories&post=10332"},{"taxonomy":"post_tag","embeddable":true,"href":"https:\/\/artsmartiauxcompiegnois.fr\/index.php?rest_route=%2Fwp%2Fv2%2Ftags&post=10332"}],"curies":[{"name":"wp","href":"https:\/\/api.w.org\/{rel}","templated":true}]}}