{"id":10371,"date":"2021-01-14T22:31:29","date_gmt":"2021-01-14T20:31:29","guid":{"rendered":"http:\/\/artsmartiauxcompiegnois.fr\/?p=10371"},"modified":"2021-01-14T22:31:29","modified_gmt":"2021-01-14T20:31:29","slug":"communique-covid-14-janvier-2021","status":"publish","type":"post","link":"https:\/\/artsmartiauxcompiegnois.fr\/?p=10371","title":{"rendered":"Communiqu\u00e9 Covid &#8211; 14 janvier 2021"},"content":{"rendered":"<div class=\"\" data-block=\"true\" data-editor=\"21nj4\" data-offset-key=\"f4gl4-0-0\">\n<div class=\"_1mf _1mj\" data-offset-key=\"f4gl4-0-0\"><span data-offset-key=\"f4gl4-0-0\">Communiqu\u00e9 &#8211; dispositif <\/span><span data-offset-key=\"f4gl4-1-0\">COVID du 14 janvier 2021<\/span><\/div>\n<\/div>\n<div class=\"\" data-block=\"true\" data-editor=\"21nj4\" data-offset-key=\"ctebd-0-0\">\n<div class=\"_1mf _1mj\" data-offset-key=\"ctebd-0-0\"><span data-offset-key=\"ctebd-0-0\">\u00a0<\/span><\/div>\n<\/div>\n<div class=\"\" data-block=\"true\" data-editor=\"21nj4\" data-offset-key=\"dg4ul-0-0\">\n<div class=\"_1mf _1mj\" data-offset-key=\"dg4ul-0-0\"><span data-offset-key=\"dg4ul-0-0\">En raison des nouvelles dispositions sanitaires mises en \u0153uvre \u00e0 compter de samedi 16 janvier 2021, les activit\u00e9s sportives scolaires et extra-scolaires en int\u00e9rieur sont suspendues.<\/span><\/div>\n<\/div>\n<div class=\"\" data-block=\"true\" data-editor=\"21nj4\" data-offset-key=\"5835j-0-0\">\n<div class=\"_1mf _1mj\" data-offset-key=\"5835j-0-0\"><span data-offset-key=\"5835j-0-0\">Ainsi notre Club se trouve dans l&rsquo;obligation de suspendre temporairement ses activit\u00e9s.<\/span><\/div>\n<\/div>\n<div class=\"\" data-block=\"true\" data-editor=\"21nj4\" data-offset-key=\"6vei4-0-0\">\n<div class=\"_1mf _1mj\" data-offset-key=\"6vei4-0-0\"><span data-offset-key=\"6vei4-0-0\">\u00a0<\/span><\/div>\n<\/div>\n<div class=\"\" data-block=\"true\" data-editor=\"21nj4\" data-offset-key=\"bie7t-0-0\">\n<div class=\"_1mf _1mj\" data-offset-key=\"bie7t-0-0\"><span data-offset-key=\"bie7t-0-0\">Ces mesures entrant en vigueur samedi, les s\u00e9ances des jeunes de moins de 18 ans, sont donc maintenues vendredi 15 janvier 2021 jusqu&rsquo;\u00e0 19h00.<\/span><\/div>\n<\/div>\n<div class=\"\" data-block=\"true\" data-editor=\"21nj4\" data-offset-key=\"fhmrl-0-0\">\n<div class=\"_1mf _1mj\" data-offset-key=\"fhmrl-0-0\"><span data-offset-key=\"fhmrl-0-0\">\u00a0<\/span><\/div>\n<\/div>\n<div class=\"\" data-block=\"true\" data-editor=\"21nj4\" data-offset-key=\"5qp57-0-0\">\n<div class=\"_1mf _1mj\" data-offset-key=\"5qp57-0-0\"><span data-offset-key=\"5qp57-0-0\">Nous vous remercions de votre compr\u00e9hension.<\/span><\/div>\n<\/div>\n<div class=\"\" data-block=\"true\" data-editor=\"21nj4\" data-offset-key=\"1vinl-0-0\">\n<div class=\"_1mf _1mj\" data-offset-key=\"1vinl-0-0\"><span data-offset-key=\"1vinl-0-0\">\u00a0<\/span><\/div>\n<\/div>\n<div class=\"\" data-block=\"true\" data-editor=\"21nj4\" data-offset-key=\"7iqh1-0-0\">\n<div class=\"_1mf _1mj\" data-offset-key=\"7iqh1-0-0\"><span data-offset-key=\"7iqh1-0-0\">Prenez-soin de vous et de vos proches<\/span><\/div>\n<\/div>\n","protected":false},"excerpt":{"rendered":"<p>Communiqu\u00e9 &#8211; dispositif COVID du 14 janvier 2021 \u00a0 En raison des nouvelles dispositions sanitaires mises en \u0153uvre \u00e0 compter de samedi 16 janvier 2021, les activit\u00e9s sportives scolaires et extra-scolaires en int\u00e9rieur sont suspendues. Ainsi notre Club se trouve dans l&rsquo;obligation de suspendre temporairement ses activit\u00e9s. \u00a0 Ces mesures entrant en vigueur samedi, les [&hellip;]<\/p>\n","protected":false},"author":1,"featured_media":0,"comment_status":"closed","ping_status":"open","sticky":false,"template":"","format":"standard","meta":[],"categories":[253,328,3,81,2,4,235,140,7,269,362,5],"tags":[357,367],"_links":{"self":[{"href":"https:\/\/artsmartiauxcompiegnois.fr\/index.php?rest_route=\/wp\/v2\/posts\/10371"}],"collection":[{"href":"https:\/\/artsmartiauxcompiegnois.fr\/index.php?rest_route=\/wp\/v2\/posts"}],"about":[{"href":"https:\/\/artsmartiauxcompiegnois.fr\/index.php?rest_route=\/wp\/v2\/types\/post"}],"author":[{"embeddable":true,"href":"https:\/\/artsmartiauxcompiegnois.fr\/index.php?rest_route=\/wp\/v2\/users\/1"}],"replies":[{"embeddable":true,"href":"https:\/\/artsmartiauxcompiegnois.fr\/index.php?rest_route=%2Fwp%2Fv2%2Fcomments&post=10371"}],"version-history":[{"count":1,"href":"https:\/\/artsmartiauxcompiegnois.fr\/index.php?rest_route=\/wp\/v2\/posts\/10371\/revisions"}],"predecessor-version":[{"id":10372,"href":"https:\/\/artsmartiauxcompiegnois.fr\/index.php?rest_route=\/wp\/v2\/posts\/10371\/revisions\/10372"}],"wp:attachment":[{"href":"https:\/\/artsmartiauxcompiegnois.fr\/index.php?rest_route=%2Fwp%2Fv2%2Fmedia&parent=10371"}],"wp:term":[{"taxonomy":"category","embeddable":true,"href":"https:\/\/artsmartiauxcompiegnois.fr\/index.php?rest_route=%2Fwp%2Fv2%2Fcategories&post=10371"},{"taxonomy":"post_tag","embeddable":true,"href":"https:\/\/artsmartiauxcompiegnois.fr\/index.php?rest_route=%2Fwp%2Fv2%2Ftags&post=10371"}],"curies":[{"name":"wp","href":"https:\/\/api.w.org\/{rel}","templated":true}]}}