{"id":10416,"date":"2021-03-19T20:53:36","date_gmt":"2021-03-19T18:53:36","guid":{"rendered":"http:\/\/artsmartiauxcompiegnois.fr\/?p=10416"},"modified":"2021-03-19T21:02:37","modified_gmt":"2021-03-19T19:02:37","slug":"felicitons-notre-president-qui-entre-dans-la-toute-nouvelle-commission-tai-jitsu","status":"publish","type":"post","link":"https:\/\/artsmartiauxcompiegnois.fr\/?p=10416","title":{"rendered":"F\u00e9licitons notre Pr\u00e9sident qui entre dans la toute nouvelle Commission Ta\u00ef-Jitsu"},"content":{"rendered":"<div class=\"kvgmc6g5 cxmmr5t8 oygrvhab hcukyx3x c1et5uql ii04i59q\">\n<div dir=\"auto\" style=\"text-align: justify;\">La F\u00e9d\u00e9ration de Karat\u00e9 vient de composer la Commission de Tai-Jitsu pour insuffler une dynamique de d\u00e9veloppement de cette discipline.<\/div>\n<div dir=\"auto\" style=\"text-align: justify;\"><\/div>\n<div dir=\"auto\" style=\"text-align: justify;\">Le Comit\u00e9 Directeur du Club des Arts Martiaux Compi\u00e9gnois, au nom de tous les adh\u00e9rents du Club, f\u00e9licite Akim Bahmed, pour son entr\u00e9e dans cette Commission.<\/div>\n<div dir=\"auto\" style=\"text-align: justify;\"><\/div>\n<\/div>\n<div class=\"o9v6fnle cxmmr5t8 oygrvhab hcukyx3x c1et5uql ii04i59q\" style=\"text-align: justify;\">\n<div dir=\"auto\">Le club des Arts Martiaux Compi\u00e9gnois et ses dirigeants sont tr\u00e8s impliqu\u00e9s dans la pratique des Arts Martiaux, non seulement \u00e0 Compi\u00e8gne, dans le d\u00e9partement de l\u2019Oise. Mais \u00e9galement pour la zone interd\u00e9partementale de Picardie, ainsi qu\u2019en R\u00e9gion des Hauts de France.<\/div>\n<div dir=\"auto\"><\/div>\n<\/div>\n<div class=\"o9v6fnle cxmmr5t8 oygrvhab hcukyx3x c1et5uql ii04i59q\">\n<div dir=\"auto\" style=\"text-align: justify;\"><em>M\u00eame si nous ne pouvons pas encore ouvrir nos installations, le Club et ses dirigeants continuent d\u2019\u0153uvrer pour de d\u00e9veloppement de nos disciplines sportives.<\/em><\/div>\n<\/div>\n","protected":false},"excerpt":{"rendered":"<p>La F\u00e9d\u00e9ration de Karat\u00e9 vient de composer la Commission de Tai-Jitsu pour insuffler une dynamique de d\u00e9veloppement de cette discipline. Le Comit\u00e9 Directeur du Club des Arts Martiaux Compi\u00e9gnois, au nom de tous les adh\u00e9rents du Club, f\u00e9licite Akim Bahmed, pour son entr\u00e9e dans cette Commission. Le club des Arts Martiaux Compi\u00e9gnois et ses dirigeants [&hellip;]<\/p>\n","protected":false},"author":1,"featured_media":0,"comment_status":"closed","ping_status":"open","sticky":false,"template":"","format":"standard","meta":[],"categories":[81,7,5],"tags":[51,371,370],"_links":{"self":[{"href":"https:\/\/artsmartiauxcompiegnois.fr\/index.php?rest_route=\/wp\/v2\/posts\/10416"}],"collection":[{"href":"https:\/\/artsmartiauxcompiegnois.fr\/index.php?rest_route=\/wp\/v2\/posts"}],"about":[{"href":"https:\/\/artsmartiauxcompiegnois.fr\/index.php?rest_route=\/wp\/v2\/types\/post"}],"author":[{"embeddable":true,"href":"https:\/\/artsmartiauxcompiegnois.fr\/index.php?rest_route=\/wp\/v2\/users\/1"}],"replies":[{"embeddable":true,"href":"https:\/\/artsmartiauxcompiegnois.fr\/index.php?rest_route=%2Fwp%2Fv2%2Fcomments&post=10416"}],"version-history":[{"count":3,"href":"https:\/\/artsmartiauxcompiegnois.fr\/index.php?rest_route=\/wp\/v2\/posts\/10416\/revisions"}],"predecessor-version":[{"id":10419,"href":"https:\/\/artsmartiauxcompiegnois.fr\/index.php?rest_route=\/wp\/v2\/posts\/10416\/revisions\/10419"}],"wp:attachment":[{"href":"https:\/\/artsmartiauxcompiegnois.fr\/index.php?rest_route=%2Fwp%2Fv2%2Fmedia&parent=10416"}],"wp:term":[{"taxonomy":"category","embeddable":true,"href":"https:\/\/artsmartiauxcompiegnois.fr\/index.php?rest_route=%2Fwp%2Fv2%2Fcategories&post=10416"},{"taxonomy":"post_tag","embeddable":true,"href":"https:\/\/artsmartiauxcompiegnois.fr\/index.php?rest_route=%2Fwp%2Fv2%2Ftags&post=10416"}],"curies":[{"name":"wp","href":"https:\/\/api.w.org\/{rel}","templated":true}]}}