{"id":10434,"date":"2021-05-17T18:49:29","date_gmt":"2021-05-17T16:49:29","guid":{"rendered":"http:\/\/artsmartiauxcompiegnois.fr\/?p=10434"},"modified":"2021-05-17T19:07:35","modified_gmt":"2021-05-17T17:07:35","slug":"19-mai-2021-reprise-de-seances-pour-les-moins-de-18-ans","status":"publish","type":"post","link":"https:\/\/artsmartiauxcompiegnois.fr\/?p=10434","title":{"rendered":"19 mai 2021 &#8211; Reprise de s\u00e9ances pour les moins de 18 ans"},"content":{"rendered":"<p>&nbsp;<\/p>\n<p>&nbsp;<\/p>\n<p>&nbsp;<\/p>\n<p>&nbsp;<\/p>\n<p><img loading=\"lazy\" class=\"size-full wp-image-10435 alignleft\" src=\"http:\/\/artsmartiauxcompiegnois.fr\/wp-content\/uploads\/2021\/05\/19-mai-2021.jpg\" alt=\"\" width=\"446\" height=\"618\" srcset=\"https:\/\/artsmartiauxcompiegnois.fr\/wp-content\/uploads\/2021\/05\/19-mai-2021.jpg 446w, https:\/\/artsmartiauxcompiegnois.fr\/wp-content\/uploads\/2021\/05\/19-mai-2021-217x300.jpg 217w, https:\/\/artsmartiauxcompiegnois.fr\/wp-content\/uploads\/2021\/05\/19-mai-2021-128x178.jpg 128w\" sizes=\"(max-width: 446px) 100vw, 446px\" \/><\/p>\n<p>&nbsp;<\/p>\n<p>&nbsp;<\/p>\n<p style=\"text-align: center;\">Conform\u00e9ment aux dispositions gouvernementales de d\u00e9confinement progressif,<\/p>\n<p style=\"text-align: center;\">le Club des Arts Martiaux Compi\u00e9gnois reprend les s\u00e9ances d&rsquo;entrainement le 19 mai 2021,<\/p>\n<p style=\"text-align: center;\"><strong><em><span style=\"color: #ff0000;\">exclusivement pour les mineurs.<\/span><\/em><\/strong><\/p>\n<p style=\"text-align: center;\">Bien entendu, le protocole sanitaire s&rsquo;appliquera strictement.<\/p>\n","protected":false},"excerpt":{"rendered":"<p>&nbsp; &nbsp; &nbsp; &nbsp; &nbsp; &nbsp; Conform\u00e9ment aux dispositions gouvernementales de d\u00e9confinement progressif, le Club des Arts Martiaux Compi\u00e9gnois reprend les s\u00e9ances d&rsquo;entrainement le 19 mai 2021, exclusivement pour les mineurs. Bien entendu, le protocole sanitaire s&rsquo;appliquera strictement.<\/p>\n","protected":false},"author":1,"featured_media":10435,"comment_status":"closed","ping_status":"open","sticky":false,"template":"","format":"standard","meta":[],"categories":[253,3,2,4,235,140,7,269,362,5],"tags":[51,357,366,373],"_links":{"self":[{"href":"https:\/\/artsmartiauxcompiegnois.fr\/index.php?rest_route=\/wp\/v2\/posts\/10434"}],"collection":[{"href":"https:\/\/artsmartiauxcompiegnois.fr\/index.php?rest_route=\/wp\/v2\/posts"}],"about":[{"href":"https:\/\/artsmartiauxcompiegnois.fr\/index.php?rest_route=\/wp\/v2\/types\/post"}],"author":[{"embeddable":true,"href":"https:\/\/artsmartiauxcompiegnois.fr\/index.php?rest_route=\/wp\/v2\/users\/1"}],"replies":[{"embeddable":true,"href":"https:\/\/artsmartiauxcompiegnois.fr\/index.php?rest_route=%2Fwp%2Fv2%2Fcomments&post=10434"}],"version-history":[{"count":2,"href":"https:\/\/artsmartiauxcompiegnois.fr\/index.php?rest_route=\/wp\/v2\/posts\/10434\/revisions"}],"predecessor-version":[{"id":10445,"href":"https:\/\/artsmartiauxcompiegnois.fr\/index.php?rest_route=\/wp\/v2\/posts\/10434\/revisions\/10445"}],"wp:featuredmedia":[{"embeddable":true,"href":"https:\/\/artsmartiauxcompiegnois.fr\/index.php?rest_route=\/wp\/v2\/media\/10435"}],"wp:attachment":[{"href":"https:\/\/artsmartiauxcompiegnois.fr\/index.php?rest_route=%2Fwp%2Fv2%2Fmedia&parent=10434"}],"wp:term":[{"taxonomy":"category","embeddable":true,"href":"https:\/\/artsmartiauxcompiegnois.fr\/index.php?rest_route=%2Fwp%2Fv2%2Fcategories&post=10434"},{"taxonomy":"post_tag","embeddable":true,"href":"https:\/\/artsmartiauxcompiegnois.fr\/index.php?rest_route=%2Fwp%2Fv2%2Ftags&post=10434"}],"curies":[{"name":"wp","href":"https:\/\/api.w.org\/{rel}","templated":true}]}}