{"id":10454,"date":"2021-06-07T13:44:02","date_gmt":"2021-06-07T11:44:02","guid":{"rendered":"http:\/\/artsmartiauxcompiegnois.fr\/?p=10454"},"modified":"2021-06-07T13:45:09","modified_gmt":"2021-06-07T11:45:09","slug":"a-compter-du-09-juin-2021","status":"publish","type":"post","link":"https:\/\/artsmartiauxcompiegnois.fr\/?p=10454","title":{"rendered":"A compter du 09 juin 2021 &#8230;"},"content":{"rendered":"<p style=\"font-weight: 400;\">Conform\u00e9ment aux dispositions sanitaires \u00e9dict\u00e9es par la Pr\u00e9fecture de l\u2019Oise, la Ville de Compi\u00e8gne ne nous autorise toujours pas la pratique en salle de sports de combat pour les adultes.<\/p>\n<p style=\"font-weight: 400;\">Cependant, \u00e0 compter du 09 juin 2021, le Club des Arts Martiaux Compi\u00e9gnois\u00a0<b><strong>ouvrira sa salle de musculation pour ses adh\u00e9rents exclusivement de 18h00 \u00e0 20h00 du lundi au vendredi et le samedi de 10h \u00e0 12h, dans le strict respect du protocole sanitaire en vigueur du Club<\/strong><\/b>.<\/p>\n<p style=\"font-weight: 400;\"><b><strong>La fermeture du Club est pr\u00e9vue le 30 juin 2021 \u00a0comme chaque ann\u00e9e.<\/strong><\/b><\/p>\n","protected":false},"excerpt":{"rendered":"<p>Conform\u00e9ment aux dispositions sanitaires \u00e9dict\u00e9es par la Pr\u00e9fecture de l\u2019Oise, la Ville de Compi\u00e8gne ne nous autorise toujours pas la pratique en salle de sports de combat pour les adultes. Cependant, \u00e0 compter du 09 juin 2021, le Club des Arts Martiaux Compi\u00e9gnois\u00a0ouvrira sa salle de musculation pour ses adh\u00e9rents exclusivement de 18h00 \u00e0 20h00 [&hellip;]<\/p>\n","protected":false},"author":1,"featured_media":0,"comment_status":"closed","ping_status":"open","sticky":false,"template":"","format":"standard","meta":[],"categories":[81,6],"tags":[51,63],"_links":{"self":[{"href":"https:\/\/artsmartiauxcompiegnois.fr\/index.php?rest_route=\/wp\/v2\/posts\/10454"}],"collection":[{"href":"https:\/\/artsmartiauxcompiegnois.fr\/index.php?rest_route=\/wp\/v2\/posts"}],"about":[{"href":"https:\/\/artsmartiauxcompiegnois.fr\/index.php?rest_route=\/wp\/v2\/types\/post"}],"author":[{"embeddable":true,"href":"https:\/\/artsmartiauxcompiegnois.fr\/index.php?rest_route=\/wp\/v2\/users\/1"}],"replies":[{"embeddable":true,"href":"https:\/\/artsmartiauxcompiegnois.fr\/index.php?rest_route=%2Fwp%2Fv2%2Fcomments&post=10454"}],"version-history":[{"count":5,"href":"https:\/\/artsmartiauxcompiegnois.fr\/index.php?rest_route=\/wp\/v2\/posts\/10454\/revisions"}],"predecessor-version":[{"id":10459,"href":"https:\/\/artsmartiauxcompiegnois.fr\/index.php?rest_route=\/wp\/v2\/posts\/10454\/revisions\/10459"}],"wp:attachment":[{"href":"https:\/\/artsmartiauxcompiegnois.fr\/index.php?rest_route=%2Fwp%2Fv2%2Fmedia&parent=10454"}],"wp:term":[{"taxonomy":"category","embeddable":true,"href":"https:\/\/artsmartiauxcompiegnois.fr\/index.php?rest_route=%2Fwp%2Fv2%2Fcategories&post=10454"},{"taxonomy":"post_tag","embeddable":true,"href":"https:\/\/artsmartiauxcompiegnois.fr\/index.php?rest_route=%2Fwp%2Fv2%2Ftags&post=10454"}],"curies":[{"name":"wp","href":"https:\/\/api.w.org\/{rel}","templated":true}]}}