{"id":10460,"date":"2021-06-13T19:17:17","date_gmt":"2021-06-13T17:17:17","guid":{"rendered":"http:\/\/artsmartiauxcompiegnois.fr\/?p=10460"},"modified":"2021-06-13T20:02:15","modified_gmt":"2021-06-13T18:02:15","slug":"les-diplomes-dinstructeur-federal-de-karate-ont-ete-decernes-le-13-juin-2021","status":"publish","type":"post","link":"https:\/\/artsmartiauxcompiegnois.fr\/?p=10460","title":{"rendered":"Les Dipl\u00f4mes d&rsquo;Instructeur F\u00e9d\u00e9ral de Karat\u00e9 ont \u00e9t\u00e9 d\u00e9cern\u00e9s le 13 juin 2021"},"content":{"rendered":"<p>A l&rsquo;issue de leurs parcours de formation d&rsquo;Instructeur, les candidats ont pass\u00e9 avec succ\u00e8s les \u00e9preuves devant les jury.<br \/>\nLes nouveaux Dipl\u00f4mes d&rsquo;Instructeur F\u00e9d\u00e9ral, de la Ligue de Karat\u00e9 et disciplines associ\u00e9s des Hauts de France, ont \u00e9t\u00e9 d\u00e9cern\u00e9s le 13 juin 2021.<\/p>\n<p>Nous f\u00e9licitons les participants venus nombreux, pour s&rsquo;impliquer dans la sportive des Clubs de la R\u00e9gion HDF.<\/p>\n<p><img loading=\"lazy\" class=\"aligncenter size-large wp-image-10461\" src=\"http:\/\/artsmartiauxcompiegnois.fr\/wp-content\/uploads\/2021\/06\/EOS500D-2021-7405-1024x480.jpg\" alt=\"\" width=\"960\" height=\"450\" srcset=\"https:\/\/artsmartiauxcompiegnois.fr\/wp-content\/uploads\/2021\/06\/EOS500D-2021-7405-1024x480.jpg 1024w, https:\/\/artsmartiauxcompiegnois.fr\/wp-content\/uploads\/2021\/06\/EOS500D-2021-7405-300x141.jpg 300w, https:\/\/artsmartiauxcompiegnois.fr\/wp-content\/uploads\/2021\/06\/EOS500D-2021-7405-768x360.jpg 768w, https:\/\/artsmartiauxcompiegnois.fr\/wp-content\/uploads\/2021\/06\/EOS500D-2021-7405-178x83.jpg 178w\" sizes=\"(max-width: 960px) 100vw, 960px\" \/><\/p>\n","protected":false},"excerpt":{"rendered":"<p>A l&rsquo;issue de leurs parcours de formation d&rsquo;Instructeur, les candidats ont pass\u00e9 avec succ\u00e8s les \u00e9preuves devant les jury. Les nouveaux Dipl\u00f4mes d&rsquo;Instructeur F\u00e9d\u00e9ral, de la Ligue de Karat\u00e9 et disciplines associ\u00e9s des Hauts de France, ont \u00e9t\u00e9 d\u00e9cern\u00e9s le 13 juin 2021. Nous f\u00e9licitons les participants venus nombreux, pour s&rsquo;impliquer dans la sportive des [&hellip;]<\/p>\n","protected":false},"author":1,"featured_media":0,"comment_status":"closed","ping_status":"open","sticky":false,"template":"","format":"standard","meta":[],"categories":[81,4,235,7,5],"tags":[51,380,375,254],"_links":{"self":[{"href":"https:\/\/artsmartiauxcompiegnois.fr\/index.php?rest_route=\/wp\/v2\/posts\/10460"}],"collection":[{"href":"https:\/\/artsmartiauxcompiegnois.fr\/index.php?rest_route=\/wp\/v2\/posts"}],"about":[{"href":"https:\/\/artsmartiauxcompiegnois.fr\/index.php?rest_route=\/wp\/v2\/types\/post"}],"author":[{"embeddable":true,"href":"https:\/\/artsmartiauxcompiegnois.fr\/index.php?rest_route=\/wp\/v2\/users\/1"}],"replies":[{"embeddable":true,"href":"https:\/\/artsmartiauxcompiegnois.fr\/index.php?rest_route=%2Fwp%2Fv2%2Fcomments&post=10460"}],"version-history":[{"count":4,"href":"https:\/\/artsmartiauxcompiegnois.fr\/index.php?rest_route=\/wp\/v2\/posts\/10460\/revisions"}],"predecessor-version":[{"id":10469,"href":"https:\/\/artsmartiauxcompiegnois.fr\/index.php?rest_route=\/wp\/v2\/posts\/10460\/revisions\/10469"}],"wp:attachment":[{"href":"https:\/\/artsmartiauxcompiegnois.fr\/index.php?rest_route=%2Fwp%2Fv2%2Fmedia&parent=10460"}],"wp:term":[{"taxonomy":"category","embeddable":true,"href":"https:\/\/artsmartiauxcompiegnois.fr\/index.php?rest_route=%2Fwp%2Fv2%2Fcategories&post=10460"},{"taxonomy":"post_tag","embeddable":true,"href":"https:\/\/artsmartiauxcompiegnois.fr\/index.php?rest_route=%2Fwp%2Fv2%2Ftags&post=10460"}],"curies":[{"name":"wp","href":"https:\/\/api.w.org\/{rel}","templated":true}]}}