{"id":10837,"date":"2021-06-21T15:08:40","date_gmt":"2021-06-21T13:08:40","guid":{"rendered":"http:\/\/artsmartiauxcompiegnois.fr\/?p=10837"},"modified":"2021-06-21T15:08:40","modified_gmt":"2021-06-21T13:08:40","slug":"ville-de-compiegne-pas-de-sport-de-combat-en-salle-pour-les-adultes-jusquau-30-juin-2021","status":"publish","type":"post","link":"https:\/\/artsmartiauxcompiegnois.fr\/?p=10837","title":{"rendered":"Ville de Compi\u00e8gne : \u00ab\u00a0Pas de sport de combat en salle pour les adultes, jusqu&rsquo;au 30 juin 2021\u00a0\u00bb"},"content":{"rendered":"<div class=\"kvgmc6g5 cxmmr5t8 oygrvhab hcukyx3x c1et5uql ii04i59q\" style=\"overflow-wrap: break-word; margin: 0px; white-space: pre-wrap; font-family: 'Segoe UI Historic', 'Segoe UI', Helvetica, Arial, sans-serif; color: #050505; font-size: 15px;\">\n<div dir=\"auto\" style=\"font-family: inherit; text-align: center;\"><em><strong><span style=\"color: #ff0000;\">RAPPEL &#8211; MESURES DE DECONFINEMENT &#8211; AUTORISATIONS ET INTERDICTIONS<\/span><\/strong><\/em><\/div>\n<\/div>\n<div class=\"o9v6fnle cxmmr5t8 oygrvhab hcukyx3x c1et5uql ii04i59q\" style=\"overflow-wrap: break-word; margin: 0.5em 0px 0px; white-space: pre-wrap; font-family: 'Segoe UI Historic', 'Segoe UI', Helvetica, Arial, sans-serif; color: #050505; font-size: 15px;\">\n<div dir=\"auto\" style=\"font-family: inherit; text-align: JUSTIFY;\">Conform\u00e9ment aux dispositions sanitaires \u00e9dict\u00e9es par la Ville de Compi\u00e8gne, la pratique des sports de combat en salle n&rsquo;est pas autoris\u00e9e pour les adultes jusqu&rsquo;au 30 juin 2021.<\/div>\n<\/div>\n<div class=\"o9v6fnle cxmmr5t8 oygrvhab hcukyx3x c1et5uql ii04i59q\" style=\"overflow-wrap: break-word; margin: 0.5em 0px 0px; white-space: pre-wrap; font-family: 'Segoe UI Historic', 'Segoe UI', Helvetica, Arial, sans-serif; color: #050505; font-size: 15px; text-align: JUSTIFY;\">\n<div dir=\"auto\" style=\"font-family: inherit;\"><strong><em>Or, la fermeture du Club est pr\u00e9vue le 30 juin 2021, comme chaque ann\u00e9e.<\/em><\/strong><\/div>\n<\/div>\n<div class=\"o9v6fnle cxmmr5t8 oygrvhab hcukyx3x c1et5uql ii04i59q\" style=\"overflow-wrap: break-word; margin: 0.5em 0px 0px; white-space: pre-wrap; font-family: 'Segoe UI Historic', 'Segoe UI', Helvetica, Arial, sans-serif; color: #050505; font-size: 15px;\">\n<div dir=\"auto\"><\/div>\n<div dir=\"auto\" style=\"font-family: inherit; text-align: justify;\">Cependant, \u00e0 compter du 09 juin 2021, dans le respect des r\u00e8gles d&rsquo;ouverture d\u00e9finies pas la Ville de Compi\u00e8gne, le Club des Arts Martiaux Compi\u00e9gnois a ouvert sa salle de musculation pour ses adh\u00e9rents, exclusivement de 18h00 \u00e0 20h00 du lundi au vendredi et le samedi de 10h \u00e0 12h. Cet acc\u00e8s est soumis au respect des r\u00e8gles du protocole sanitaire du Club.<\/div>\n<div dir=\"auto\"><\/div>\n<\/div>\n<div class=\"o9v6fnle cxmmr5t8 oygrvhab hcukyx3x c1et5uql ii04i59q\" style=\"overflow-wrap: break-word; margin: 0.5em 0px 0px; white-space: pre-wrap; font-family: 'Segoe UI Historic', 'Segoe UI', Helvetica, Arial, sans-serif; color: #050505; font-size: 15px;\">\n<div dir=\"auto\" style=\"font-family: inherit;\"><em><strong><span style=\"color: #ff0000;\">Le secr\u00e9tariat du Club reste toujours ferm\u00e9, en raison des mesures sanitaires de ch\u00f4mage partiel en vigueur.<\/span><\/strong><\/em><\/div>\n<\/div>\n","protected":false},"excerpt":{"rendered":"<p>RAPPEL &#8211; MESURES DE DECONFINEMENT &#8211; AUTORISATIONS ET INTERDICTIONS Conform\u00e9ment aux dispositions sanitaires \u00e9dict\u00e9es par la Ville de Compi\u00e8gne, la pratique des sports de combat en salle n&rsquo;est pas autoris\u00e9e pour les adultes jusqu&rsquo;au 30 juin 2021. Or, la fermeture du Club est pr\u00e9vue le 30 juin 2021, comme chaque ann\u00e9e. Cependant, \u00e0 compter du [&hellip;]<\/p>\n","protected":false},"author":1,"featured_media":0,"comment_status":"closed","ping_status":"open","sticky":false,"template":"","format":"standard","meta":[],"categories":[81,7],"tags":[51,53,357,386],"_links":{"self":[{"href":"https:\/\/artsmartiauxcompiegnois.fr\/index.php?rest_route=\/wp\/v2\/posts\/10837"}],"collection":[{"href":"https:\/\/artsmartiauxcompiegnois.fr\/index.php?rest_route=\/wp\/v2\/posts"}],"about":[{"href":"https:\/\/artsmartiauxcompiegnois.fr\/index.php?rest_route=\/wp\/v2\/types\/post"}],"author":[{"embeddable":true,"href":"https:\/\/artsmartiauxcompiegnois.fr\/index.php?rest_route=\/wp\/v2\/users\/1"}],"replies":[{"embeddable":true,"href":"https:\/\/artsmartiauxcompiegnois.fr\/index.php?rest_route=%2Fwp%2Fv2%2Fcomments&post=10837"}],"version-history":[{"count":1,"href":"https:\/\/artsmartiauxcompiegnois.fr\/index.php?rest_route=\/wp\/v2\/posts\/10837\/revisions"}],"predecessor-version":[{"id":10838,"href":"https:\/\/artsmartiauxcompiegnois.fr\/index.php?rest_route=\/wp\/v2\/posts\/10837\/revisions\/10838"}],"wp:attachment":[{"href":"https:\/\/artsmartiauxcompiegnois.fr\/index.php?rest_route=%2Fwp%2Fv2%2Fmedia&parent=10837"}],"wp:term":[{"taxonomy":"category","embeddable":true,"href":"https:\/\/artsmartiauxcompiegnois.fr\/index.php?rest_route=%2Fwp%2Fv2%2Fcategories&post=10837"},{"taxonomy":"post_tag","embeddable":true,"href":"https:\/\/artsmartiauxcompiegnois.fr\/index.php?rest_route=%2Fwp%2Fv2%2Ftags&post=10837"}],"curies":[{"name":"wp","href":"https:\/\/api.w.org\/{rel}","templated":true}]}}