{"id":10840,"date":"2021-06-24T12:53:06","date_gmt":"2021-06-24T10:53:06","guid":{"rendered":"http:\/\/artsmartiauxcompiegnois.fr\/?p=10840"},"modified":"2021-06-24T14:15:31","modified_gmt":"2021-06-24T12:15:31","slug":"passage-des-hauts-grades-du-karate-et-des-disciplines-associees-le-20-juin-2021","status":"publish","type":"post","link":"https:\/\/artsmartiauxcompiegnois.fr\/?p=10840","title":{"rendered":"Passage des hauts grades du karat\u00e9 et des disciplines associ\u00e9es le 20 juin 2021"},"content":{"rendered":"<div class=\"kvgmc6g5 cxmmr5t8 oygrvhab hcukyx3x c1et5uql ii04i59q\">\n<div dir=\"auto\">Dimanche 20 juin 2021, le Club des Arts Martiaux Compi\u00e9gnois accueillait dans ses locaux l&rsquo;examen de passage de grades des ceintures noires organis\u00e9 par le CDOK.<\/div>\n<div dir=\"auto\"><\/div>\n<\/div>\n<div class=\"o9v6fnle cxmmr5t8 oygrvhab hcukyx3x c1et5uql ii04i59q\">\n<div dir=\"auto\">Notre Club pr\u00e9sentait trois sportifs de karat\u00e9 et disciplines appliqu\u00e9es.<\/div>\n<div dir=\"auto\"><\/div>\n<div dir=\"auto\">F\u00e9licitons :<\/div>\n<div dir=\"auto\">&#8211; Benjamin Bechir pour son 3\u00e8me Dan,<\/div>\n<div dir=\"auto\">&#8211; Philippe Jacquet pour son 2\u00e8me Dan,<\/div>\n<div dir=\"auto\">-Yusra Bahmed pour sa ceinture noire 1\u00e8re Dan.<\/div>\n<div dir=\"auto\">ainsi que leurs maitres pour avoir su leur transmettre les valeurs de notre Club !<\/div>\n<div dir=\"auto\"><img loading=\"lazy\" class=\"aligncenter size-large wp-image-10849\" src=\"http:\/\/artsmartiauxcompiegnois.fr\/wp-content\/uploads\/2021\/06\/IMG_52441-1024x768.jpeg\" alt=\"\" width=\"960\" height=\"720\" srcset=\"https:\/\/artsmartiauxcompiegnois.fr\/wp-content\/uploads\/2021\/06\/IMG_52441-1024x768.jpeg 1024w, https:\/\/artsmartiauxcompiegnois.fr\/wp-content\/uploads\/2021\/06\/IMG_52441-300x225.jpeg 300w, https:\/\/artsmartiauxcompiegnois.fr\/wp-content\/uploads\/2021\/06\/IMG_52441-768x576.jpeg 768w, https:\/\/artsmartiauxcompiegnois.fr\/wp-content\/uploads\/2021\/06\/IMG_52441-178x134.jpeg 178w\" sizes=\"(max-width: 960px) 100vw, 960px\" \/><img loading=\"lazy\" class=\"aligncenter wp-image-10850 size-large\" src=\"http:\/\/artsmartiauxcompiegnois.fr\/wp-content\/uploads\/2021\/06\/IMG_53041-e1624536897735-768x1024.jpeg\" alt=\"\" width=\"768\" height=\"1024\" srcset=\"https:\/\/artsmartiauxcompiegnois.fr\/wp-content\/uploads\/2021\/06\/IMG_53041-e1624536897735-768x1024.jpeg 768w, https:\/\/artsmartiauxcompiegnois.fr\/wp-content\/uploads\/2021\/06\/IMG_53041-e1624536897735-225x300.jpeg 225w, https:\/\/artsmartiauxcompiegnois.fr\/wp-content\/uploads\/2021\/06\/IMG_53041-e1624536897735-134x178.jpeg 134w\" sizes=\"(max-width: 768px) 100vw, 768px\" \/><\/div>\n<div dir=\"auto\"><\/div>\n<div dir=\"auto\"><img loading=\"lazy\" class=\"aligncenter size-full wp-image-10841\" src=\"http:\/\/artsmartiauxcompiegnois.fr\/wp-content\/uploads\/2021\/06\/IMG_12471.jpg\" alt=\"\" width=\"960\" height=\"623\" srcset=\"https:\/\/artsmartiauxcompiegnois.fr\/wp-content\/uploads\/2021\/06\/IMG_12471.jpg 960w, https:\/\/artsmartiauxcompiegnois.fr\/wp-content\/uploads\/2021\/06\/IMG_12471-300x195.jpg 300w, https:\/\/artsmartiauxcompiegnois.fr\/wp-content\/uploads\/2021\/06\/IMG_12471-768x498.jpg 768w, https:\/\/artsmartiauxcompiegnois.fr\/wp-content\/uploads\/2021\/06\/IMG_12471-178x116.jpg 178w\" sizes=\"(max-width: 960px) 100vw, 960px\" \/> <img loading=\"lazy\" class=\"aligncenter size-large wp-image-10843\" src=\"http:\/\/artsmartiauxcompiegnois.fr\/wp-content\/uploads\/2021\/06\/IMG_52902-1024x768.jpeg\" alt=\"\" width=\"960\" height=\"720\" srcset=\"https:\/\/artsmartiauxcompiegnois.fr\/wp-content\/uploads\/2021\/06\/IMG_52902-1024x768.jpeg 1024w, https:\/\/artsmartiauxcompiegnois.fr\/wp-content\/uploads\/2021\/06\/IMG_52902-300x225.jpeg 300w, https:\/\/artsmartiauxcompiegnois.fr\/wp-content\/uploads\/2021\/06\/IMG_52902-768x576.jpeg 768w, https:\/\/artsmartiauxcompiegnois.fr\/wp-content\/uploads\/2021\/06\/IMG_52902-178x134.jpeg 178w\" sizes=\"(max-width: 960px) 100vw, 960px\" \/> <img loading=\"lazy\" class=\"aligncenter size-large wp-image-10844\" src=\"http:\/\/artsmartiauxcompiegnois.fr\/wp-content\/uploads\/2021\/06\/IMG_12461-1024x679.jpg\" alt=\"\" width=\"960\" height=\"637\" srcset=\"https:\/\/artsmartiauxcompiegnois.fr\/wp-content\/uploads\/2021\/06\/IMG_12461-1024x679.jpg 1024w, https:\/\/artsmartiauxcompiegnois.fr\/wp-content\/uploads\/2021\/06\/IMG_12461-300x199.jpg 300w, https:\/\/artsmartiauxcompiegnois.fr\/wp-content\/uploads\/2021\/06\/IMG_12461-768x509.jpg 768w, https:\/\/artsmartiauxcompiegnois.fr\/wp-content\/uploads\/2021\/06\/IMG_12461-178x118.jpg 178w, https:\/\/artsmartiauxcompiegnois.fr\/wp-content\/uploads\/2021\/06\/IMG_12461.jpg 1804w\" sizes=\"(max-width: 960px) 100vw, 960px\" \/> <img loading=\"lazy\" class=\"aligncenter size-large wp-image-10845\" src=\"http:\/\/artsmartiauxcompiegnois.fr\/wp-content\/uploads\/2021\/06\/IMG_52931-1024x768.jpeg\" alt=\"\" width=\"960\" height=\"720\" srcset=\"https:\/\/artsmartiauxcompiegnois.fr\/wp-content\/uploads\/2021\/06\/IMG_52931-1024x768.jpeg 1024w, https:\/\/artsmartiauxcompiegnois.fr\/wp-content\/uploads\/2021\/06\/IMG_52931-300x225.jpeg 300w, https:\/\/artsmartiauxcompiegnois.fr\/wp-content\/uploads\/2021\/06\/IMG_52931-768x576.jpeg 768w, https:\/\/artsmartiauxcompiegnois.fr\/wp-content\/uploads\/2021\/06\/IMG_52931-178x134.jpeg 178w\" sizes=\"(max-width: 960px) 100vw, 960px\" \/><\/div>\n<div dir=\"auto\"><\/div>\n<\/div>\n<div class=\"o9v6fnle cxmmr5t8 oygrvhab hcukyx3x c1et5uql ii04i59q\">\n<div dir=\"auto\">Nous sommes fiers d&rsquo;avoir re\u00e7u cette session de passage de hauts grades, ainsi que de nos trois karat\u00e9kas qui ont convaincu leur jury, de leur ma\u00eetrise du karat\u00e9 et des r\u00e8gles qui r\u00e9gissent cette discipline.<\/div>\n<\/div>\n","protected":false},"excerpt":{"rendered":"<p>Dimanche 20 juin 2021, le Club des Arts Martiaux Compi\u00e9gnois accueillait dans ses locaux l&rsquo;examen de passage de grades des ceintures noires organis\u00e9 par le CDOK. Notre Club pr\u00e9sentait trois sportifs de karat\u00e9 et disciplines appliqu\u00e9es. F\u00e9licitons : &#8211; Benjamin Bechir pour son 3\u00e8me Dan, &#8211; Philippe Jacquet pour son 2\u00e8me Dan, -Yusra Bahmed pour [&hellip;]<\/p>\n","protected":false},"author":1,"featured_media":0,"comment_status":"closed","ping_status":"open","sticky":false,"template":"","format":"standard","meta":[],"categories":[81,4,7],"tags":[51,227,387,375,374],"_links":{"self":[{"href":"https:\/\/artsmartiauxcompiegnois.fr\/index.php?rest_route=\/wp\/v2\/posts\/10840"}],"collection":[{"href":"https:\/\/artsmartiauxcompiegnois.fr\/index.php?rest_route=\/wp\/v2\/posts"}],"about":[{"href":"https:\/\/artsmartiauxcompiegnois.fr\/index.php?rest_route=\/wp\/v2\/types\/post"}],"author":[{"embeddable":true,"href":"https:\/\/artsmartiauxcompiegnois.fr\/index.php?rest_route=\/wp\/v2\/users\/1"}],"replies":[{"embeddable":true,"href":"https:\/\/artsmartiauxcompiegnois.fr\/index.php?rest_route=%2Fwp%2Fv2%2Fcomments&post=10840"}],"version-history":[{"count":3,"href":"https:\/\/artsmartiauxcompiegnois.fr\/index.php?rest_route=\/wp\/v2\/posts\/10840\/revisions"}],"predecessor-version":[{"id":10852,"href":"https:\/\/artsmartiauxcompiegnois.fr\/index.php?rest_route=\/wp\/v2\/posts\/10840\/revisions\/10852"}],"wp:attachment":[{"href":"https:\/\/artsmartiauxcompiegnois.fr\/index.php?rest_route=%2Fwp%2Fv2%2Fmedia&parent=10840"}],"wp:term":[{"taxonomy":"category","embeddable":true,"href":"https:\/\/artsmartiauxcompiegnois.fr\/index.php?rest_route=%2Fwp%2Fv2%2Fcategories&post=10840"},{"taxonomy":"post_tag","embeddable":true,"href":"https:\/\/artsmartiauxcompiegnois.fr\/index.php?rest_route=%2Fwp%2Fv2%2Ftags&post=10840"}],"curies":[{"name":"wp","href":"https:\/\/api.w.org\/{rel}","templated":true}]}}