{"id":10925,"date":"2021-09-27T13:05:06","date_gmt":"2021-09-27T11:05:06","guid":{"rendered":"http:\/\/artsmartiauxcompiegnois.fr\/?p=10925"},"modified":"2021-09-27T13:05:06","modified_gmt":"2021-09-27T11:05:06","slug":"acces-au-dojo-gymnase-salle-de-musculation","status":"publish","type":"post","link":"https:\/\/artsmartiauxcompiegnois.fr\/?p=10925","title":{"rendered":"Acc\u00e8s au Dojo, Gymnase, Salle de Musculation"},"content":{"rendered":"<p>En raison des dispositions r\u00e9glementaires, et des mesures de protections inscrites au Protocole Sanitaire de Reprise des activit\u00e9s du Club des Arts Martiaux :<\/p>\n<h1 style=\"text-align: center;\">L&rsquo;acc\u00e8s au Dojo, Gymnase et Salle de Musculation est<\/h1>\n<h1 style=\"text-align: center;\"><span style=\"color: #ff0000;\">EXCLUSIVEMENT RESERVE <\/span><\/h1>\n<h1 style=\"text-align: center;\">aux sportifs inscrits, d\u00e9tenant un Pass&rsquo;Sanitaire en cours de validit\u00e9.<\/h1>\n<p>&nbsp;<\/p>\n<p>Les encadrants et le Comit\u00e9 Directeur, vous remercient de votre Compr\u00e9hension.<\/p>\n","protected":false},"excerpt":{"rendered":"<p>En raison des dispositions r\u00e9glementaires, et des mesures de protections inscrites au Protocole Sanitaire de Reprise des activit\u00e9s du Club des Arts Martiaux : L&rsquo;acc\u00e8s au Dojo, Gymnase et Salle de Musculation est EXCLUSIVEMENT RESERVE aux sportifs inscrits, d\u00e9tenant un Pass&rsquo;Sanitaire en cours de validit\u00e9. &nbsp; Les encadrants et le Comit\u00e9 Directeur, vous remercient de [&hellip;]<\/p>\n","protected":false},"author":1,"featured_media":0,"comment_status":"closed","ping_status":"open","sticky":false,"template":"","format":"standard","meta":[],"categories":[253,328,3,81,2,4,235,140,7,269,6,5],"tags":[392,116,357,359],"_links":{"self":[{"href":"https:\/\/artsmartiauxcompiegnois.fr\/index.php?rest_route=\/wp\/v2\/posts\/10925"}],"collection":[{"href":"https:\/\/artsmartiauxcompiegnois.fr\/index.php?rest_route=\/wp\/v2\/posts"}],"about":[{"href":"https:\/\/artsmartiauxcompiegnois.fr\/index.php?rest_route=\/wp\/v2\/types\/post"}],"author":[{"embeddable":true,"href":"https:\/\/artsmartiauxcompiegnois.fr\/index.php?rest_route=\/wp\/v2\/users\/1"}],"replies":[{"embeddable":true,"href":"https:\/\/artsmartiauxcompiegnois.fr\/index.php?rest_route=%2Fwp%2Fv2%2Fcomments&post=10925"}],"version-history":[{"count":1,"href":"https:\/\/artsmartiauxcompiegnois.fr\/index.php?rest_route=\/wp\/v2\/posts\/10925\/revisions"}],"predecessor-version":[{"id":10926,"href":"https:\/\/artsmartiauxcompiegnois.fr\/index.php?rest_route=\/wp\/v2\/posts\/10925\/revisions\/10926"}],"wp:attachment":[{"href":"https:\/\/artsmartiauxcompiegnois.fr\/index.php?rest_route=%2Fwp%2Fv2%2Fmedia&parent=10925"}],"wp:term":[{"taxonomy":"category","embeddable":true,"href":"https:\/\/artsmartiauxcompiegnois.fr\/index.php?rest_route=%2Fwp%2Fv2%2Fcategories&post=10925"},{"taxonomy":"post_tag","embeddable":true,"href":"https:\/\/artsmartiauxcompiegnois.fr\/index.php?rest_route=%2Fwp%2Fv2%2Ftags&post=10925"}],"curies":[{"name":"wp","href":"https:\/\/api.w.org\/{rel}","templated":true}]}}