{"id":10927,"date":"2021-09-27T13:39:33","date_gmt":"2021-09-27T11:39:33","guid":{"rendered":"http:\/\/artsmartiauxcompiegnois.fr\/?p=10927"},"modified":"2021-09-27T14:10:04","modified_gmt":"2021-09-27T12:10:04","slug":"30-septembre-2021-ce-qui-change","status":"publish","type":"post","link":"https:\/\/artsmartiauxcompiegnois.fr\/?p=10927","title":{"rendered":"30 septembre 2021 &#8211; Ce qui change &#8230;."},"content":{"rendered":"<h4 style=\"text-align: justify;\">A compter du 30 septembre 2021, conform\u00e9ment aux dispositions r\u00e9glementaires, les adh\u00e9rents <span style=\"color: #ff0000;\">de 12 \u00e0 18 ans doivent \u00eatre titulaire d&rsquo;un Pass&rsquo;Sanitaire en cours de validit\u00e9<\/span><\/h4>\n<p>&nbsp;<\/p>\n<ul>\n<li style=\"text-align: justify;\">Les parents de nos jeunes adh\u00e9rents de 12 \u00e0 17 ans doivent produire le Pass&rsquo;Sanitaire de leur enfant inscrit au Club des Arts Martiaux Compi\u00e9gnois,<\/li>\n<\/ul>\n<p>&nbsp;<\/p>\n<h4 style=\"text-align: justify;\">A compter du 30 septembre 2021, tous les sportifs pr\u00e9sents au Dojo, Gymnase et Salle de sport, doivent \u00eatre inscrits au Club : <span style=\"color: #ff0000;\">dossier d&rsquo;inscription complet,\u00a0 \u00e0 jour des cotisation<\/span>.<\/h4>\n<ul>\n<li style=\"text-align: justify;\">A d\u00e9faut, l&rsquo;inscription au Club pourrait \u00eatre suspendue, et l&rsquo;adh\u00e9rent exclu de l&rsquo;enceinte sportive du Club jusqu&rsquo;\u00e0 la totale r\u00e9gularisation\u00a0 de son inscription.<\/li>\n<\/ul>\n<p>&nbsp;<\/p>\n<h4 style=\"text-align: justify;\">Veillons chacun, chacune,\u00a0 \u00e0 appliquer les dispositions sanitaires et administratives, pour notre propre protection et celle de nos camarades :<\/h4>\n<ul>\n<li style=\"text-align: justify;\">En cas de d\u00e9faut de Pass&rsquo;Sanitaire, l&rsquo;adh\u00e9rent et le Club sont passibles de peines d&rsquo;amende et de poursuites judiciaires et administratives.<\/li>\n<li style=\"text-align: justify;\">En l&rsquo;absence de dossier complet, r\u00e9gl\u00e9 en totalit\u00e9, vous n&rsquo;\u00eates pas assur\u00e9, (pas de prise en charge en cas de blessure), votre licence aupr\u00e8s de la F\u00e9d\u00e9ration n&rsquo;est pas souscrite, ce qui par voie de cons\u00e9quence vous interdit de participer aux comp\u00e9titions, stages et passages de grades &#8230;<img loading=\"lazy\" class=\"wp-image-10860 alignright\" src=\"http:\/\/artsmartiauxcompiegnois.fr\/wp-content\/uploads\/2021\/08\/AFFICH-PASS-SANIT-16082021.jpg\" alt=\"\" width=\"120\" height=\"119\" srcset=\"https:\/\/artsmartiauxcompiegnois.fr\/wp-content\/uploads\/2021\/08\/AFFICH-PASS-SANIT-16082021.jpg 759w, https:\/\/artsmartiauxcompiegnois.fr\/wp-content\/uploads\/2021\/08\/AFFICH-PASS-SANIT-16082021-150x150.jpg 150w, https:\/\/artsmartiauxcompiegnois.fr\/wp-content\/uploads\/2021\/08\/AFFICH-PASS-SANIT-16082021-300x300.jpg 300w, https:\/\/artsmartiauxcompiegnois.fr\/wp-content\/uploads\/2021\/08\/AFFICH-PASS-SANIT-16082021-178x178.jpg 178w\" sizes=\"(max-width: 120px) 100vw, 120px\" \/><\/li>\n<\/ul>\n<h4><a href=\"http:\/\/artsmartiauxcompiegnois.fr\/wp-content\/uploads\/2021\/08\/Fiche-inscription.pdf\">Fiche-inscription<\/a><\/h4>\n<p><strong><span style=\"color: #800080;\">Adh\u00e9sion au protocole sanitaire : Saison 2021-2022<\/span><\/strong><\/p>\n<h4><a href=\"http:\/\/artsmartiauxcompiegnois.fr\/wp-content\/uploads\/2021\/08\/Doc_a_fournir_2021-2022.pdf\">Doc_\u00e0_fournir_2021-2022<\/a><\/h4>\n<p>&nbsp;<\/p>\n<p style=\"text-align: right;\"><em>Vos encadrants et le Comit\u00e9 de Direction vous remercie de votre compr\u00e9hension.<\/em><\/p>\n","protected":false},"excerpt":{"rendered":"<p>A compter du 30 septembre 2021, conform\u00e9ment aux dispositions r\u00e9glementaires, les adh\u00e9rents de 12 \u00e0 18 ans doivent \u00eatre titulaire d&rsquo;un Pass&rsquo;Sanitaire en cours de validit\u00e9 &nbsp; Les parents de nos jeunes adh\u00e9rents de 12 \u00e0 17 ans doivent produire le Pass&rsquo;Sanitaire de leur enfant inscrit au Club des Arts Martiaux Compi\u00e9gnois, &nbsp; A compter [&hellip;]<\/p>\n","protected":false},"author":1,"featured_media":0,"comment_status":"closed","ping_status":"open","sticky":false,"template":"","format":"standard","meta":[],"categories":[253,257,328,3,81,2,4,235,140,7,269,6,5],"tags":[394,305,134,393,374,279],"_links":{"self":[{"href":"https:\/\/artsmartiauxcompiegnois.fr\/index.php?rest_route=\/wp\/v2\/posts\/10927"}],"collection":[{"href":"https:\/\/artsmartiauxcompiegnois.fr\/index.php?rest_route=\/wp\/v2\/posts"}],"about":[{"href":"https:\/\/artsmartiauxcompiegnois.fr\/index.php?rest_route=\/wp\/v2\/types\/post"}],"author":[{"embeddable":true,"href":"https:\/\/artsmartiauxcompiegnois.fr\/index.php?rest_route=\/wp\/v2\/users\/1"}],"replies":[{"embeddable":true,"href":"https:\/\/artsmartiauxcompiegnois.fr\/index.php?rest_route=%2Fwp%2Fv2%2Fcomments&post=10927"}],"version-history":[{"count":4,"href":"https:\/\/artsmartiauxcompiegnois.fr\/index.php?rest_route=\/wp\/v2\/posts\/10927\/revisions"}],"predecessor-version":[{"id":10932,"href":"https:\/\/artsmartiauxcompiegnois.fr\/index.php?rest_route=\/wp\/v2\/posts\/10927\/revisions\/10932"}],"wp:attachment":[{"href":"https:\/\/artsmartiauxcompiegnois.fr\/index.php?rest_route=%2Fwp%2Fv2%2Fmedia&parent=10927"}],"wp:term":[{"taxonomy":"category","embeddable":true,"href":"https:\/\/artsmartiauxcompiegnois.fr\/index.php?rest_route=%2Fwp%2Fv2%2Fcategories&post=10927"},{"taxonomy":"post_tag","embeddable":true,"href":"https:\/\/artsmartiauxcompiegnois.fr\/index.php?rest_route=%2Fwp%2Fv2%2Ftags&post=10927"}],"curies":[{"name":"wp","href":"https:\/\/api.w.org\/{rel}","templated":true}]}}