{"id":10933,"date":"2021-09-30T12:10:38","date_gmt":"2021-09-30T10:10:38","guid":{"rendered":"http:\/\/artsmartiauxcompiegnois.fr\/?p=10933"},"modified":"2021-09-30T12:17:05","modified_gmt":"2021-09-30T10:17:05","slug":"passsanitaire-obligatoire-pour-les-12-17-ans","status":"publish","type":"post","link":"https:\/\/artsmartiauxcompiegnois.fr\/?p=10933","title":{"rendered":"Pass&rsquo;Sanitaire obligatoire pour les 12-17 ans &#8230;"},"content":{"rendered":"<p style=\"text-align: jistify;\">Les dispositions r\u00e9glementaires d&rsquo;acc\u00e8s aux \u00e9tablissements sportifs imposent\u00a0<strong><em>la pr\u00e9sentation d&rsquo;un Pass&rsquo;Sanitaire en cours de validit\u00e9<\/em><\/strong>, <em><strong>pour les enfants de 12-17 ans<\/strong> <\/em>(comme c&rsquo;est d\u00e9j\u00e0 le cas pour les plus de 18 ans).<\/p>\n<p style=\"text-align: justify;\">Nous vous en avions alert\u00e9, lors de l&rsquo;inscription de votre enfant et par affichage au Club.<\/p>\n<p style=\"text-align: justify;\">Aujourd&rsquo;hui, vous voudrez bien nous communiquer ce Pass&rsquo;Sanitaire en photocopie ou par mail, pour que nous l&rsquo;annexion \u00e0 votre dossier, <em><code>ce qui vous \u00e9vitera de le pr\u00e9senter \u00e0 chaque s\u00e9ance<\/code><\/em>.<\/p>\n<p style=\"text-align: justify;\">Nous vous remercions de votre compr\u00e9hension,<\/p>\n<p style=\"text-align: justify;\">Nous savons que, tout comme nous, vous \u00eates attach\u00e9s \u00e0 la bonne sant\u00e9 de votre enfant, ainsi qu&rsquo;\u00e0 la garantie que le Club des Arts Martiaux Compi\u00e9gnois met en \u0153uvre les dispositifs de protection.<\/p>\n<p><img loading=\"lazy\" class=\"wp-image-10860 alignleft\" src=\"http:\/\/artsmartiauxcompiegnois.fr\/wp-content\/uploads\/2021\/08\/AFFICH-PASS-SANIT-16082021.jpg\" alt=\"\" width=\"148\" height=\"147\" srcset=\"https:\/\/artsmartiauxcompiegnois.fr\/wp-content\/uploads\/2021\/08\/AFFICH-PASS-SANIT-16082021.jpg 759w, https:\/\/artsmartiauxcompiegnois.fr\/wp-content\/uploads\/2021\/08\/AFFICH-PASS-SANIT-16082021-150x150.jpg 150w, https:\/\/artsmartiauxcompiegnois.fr\/wp-content\/uploads\/2021\/08\/AFFICH-PASS-SANIT-16082021-300x300.jpg 300w, https:\/\/artsmartiauxcompiegnois.fr\/wp-content\/uploads\/2021\/08\/AFFICH-PASS-SANIT-16082021-178x178.jpg 178w\" sizes=\"(max-width: 148px) 100vw, 148px\" \/>\u00a0 \u00a0 \u00a0 \u00a0 \u00a0 \u00a0 \u00a0 \u00a0 \u00a0\u00a0<img loading=\"lazy\" class=\" wp-image-10184 alignnone\" src=\"http:\/\/artsmartiauxcompiegnois.fr\/wp-content\/uploads\/2020\/08\/garant-prevention.png\" alt=\"\" width=\"221\" height=\"153\" srcset=\"https:\/\/artsmartiauxcompiegnois.fr\/wp-content\/uploads\/2020\/08\/garant-prevention.png 480w, https:\/\/artsmartiauxcompiegnois.fr\/wp-content\/uploads\/2020\/08\/garant-prevention-300x208.png 300w, https:\/\/artsmartiauxcompiegnois.fr\/wp-content\/uploads\/2020\/08\/garant-prevention-178x123.png 178w\" sizes=\"(max-width: 221px) 100vw, 221px\" \/>\u00a0\u00a0<img loading=\"lazy\" class=\" wp-image-10934 alignright\" src=\"http:\/\/artsmartiauxcompiegnois.fr\/wp-content\/uploads\/2021\/09\/logo.gouv_.jpg\" alt=\"\" width=\"200\" height=\"152\" \/><\/p>\n","protected":false},"excerpt":{"rendered":"<p>Les dispositions r\u00e9glementaires d&rsquo;acc\u00e8s aux \u00e9tablissements sportifs imposent\u00a0la pr\u00e9sentation d&rsquo;un Pass&rsquo;Sanitaire en cours de validit\u00e9, pour les enfants de 12-17 ans (comme c&rsquo;est d\u00e9j\u00e0 le cas pour les plus de 18 ans). Nous vous en avions alert\u00e9, lors de l&rsquo;inscription de votre enfant et par affichage au Club. Aujourd&rsquo;hui, vous voudrez bien nous communiquer ce [&hellip;]<\/p>\n","protected":false},"author":1,"featured_media":10938,"comment_status":"closed","ping_status":"open","sticky":false,"template":"","format":"standard","meta":[],"categories":[253,257,256,328,3,81,2,4,235,140,7,269,6,362,5],"tags":[51,357,396,395],"_links":{"self":[{"href":"https:\/\/artsmartiauxcompiegnois.fr\/index.php?rest_route=\/wp\/v2\/posts\/10933"}],"collection":[{"href":"https:\/\/artsmartiauxcompiegnois.fr\/index.php?rest_route=\/wp\/v2\/posts"}],"about":[{"href":"https:\/\/artsmartiauxcompiegnois.fr\/index.php?rest_route=\/wp\/v2\/types\/post"}],"author":[{"embeddable":true,"href":"https:\/\/artsmartiauxcompiegnois.fr\/index.php?rest_route=\/wp\/v2\/users\/1"}],"replies":[{"embeddable":true,"href":"https:\/\/artsmartiauxcompiegnois.fr\/index.php?rest_route=%2Fwp%2Fv2%2Fcomments&post=10933"}],"version-history":[{"count":3,"href":"https:\/\/artsmartiauxcompiegnois.fr\/index.php?rest_route=\/wp\/v2\/posts\/10933\/revisions"}],"predecessor-version":[{"id":10937,"href":"https:\/\/artsmartiauxcompiegnois.fr\/index.php?rest_route=\/wp\/v2\/posts\/10933\/revisions\/10937"}],"wp:featuredmedia":[{"embeddable":true,"href":"https:\/\/artsmartiauxcompiegnois.fr\/index.php?rest_route=\/wp\/v2\/media\/10938"}],"wp:attachment":[{"href":"https:\/\/artsmartiauxcompiegnois.fr\/index.php?rest_route=%2Fwp%2Fv2%2Fmedia&parent=10933"}],"wp:term":[{"taxonomy":"category","embeddable":true,"href":"https:\/\/artsmartiauxcompiegnois.fr\/index.php?rest_route=%2Fwp%2Fv2%2Fcategories&post=10933"},{"taxonomy":"post_tag","embeddable":true,"href":"https:\/\/artsmartiauxcompiegnois.fr\/index.php?rest_route=%2Fwp%2Fv2%2Ftags&post=10933"}],"curies":[{"name":"wp","href":"https:\/\/api.w.org\/{rel}","templated":true}]}}