{"id":10972,"date":"2022-01-03T08:00:43","date_gmt":"2022-01-03T06:00:43","guid":{"rendered":"http:\/\/artsmartiauxcompiegnois.fr\/?p=10972"},"modified":"2022-01-04T12:35:30","modified_gmt":"2022-01-04T10:35:30","slug":"lettre-aux-adherents-maj-protocole-sanitaire-dossier-inscription","status":"publish","type":"post","link":"https:\/\/artsmartiauxcompiegnois.fr\/?p=10972","title":{"rendered":"Lettre aux adh\u00e9rents &#8211; MAJ protocole sanitaire &#038; Dossier inscription"},"content":{"rendered":"<p>Adh\u00e9rents et parents de nos jeunes adh\u00e9rents, vous vous invitons \u00e0 prendre connaissance des nouvelles mesures sanitaires qui s&rsquo;int\u00e8grent dans notre protocole sanitaire \u00e0 compter du 03 janvier 2022 :<\/p>\n<ul>\n<li>port du masque obligatoire pour les 6 ans et plus,<\/li>\n<li>pr\u00e9sentation au secr\u00e9tariat du Pass&rsquo;Sanitaire mis \u00e0 jour et valide\u00a0 selon les directives r\u00e9glementaires \u00e9dict\u00e9es en janvier 2022<\/li>\n<\/ul>\n<p>&nbsp;<\/p>\n","protected":false},"excerpt":{"rendered":"<p>Adh\u00e9rents et parents de nos jeunes adh\u00e9rents, vous vous invitons \u00e0 prendre connaissance des nouvelles mesures sanitaires qui s&rsquo;int\u00e8grent dans notre protocole sanitaire \u00e0 compter du 03 janvier 2022 : port du masque obligatoire pour les 6 ans et plus, pr\u00e9sentation au secr\u00e9tariat du Pass&rsquo;Sanitaire mis \u00e0 jour et valide\u00a0 selon les directives r\u00e9glementaires \u00e9dict\u00e9es [&hellip;]<\/p>\n","protected":false},"author":1,"featured_media":10975,"comment_status":"closed","ping_status":"open","sticky":false,"template":"","format":"standard","meta":[],"categories":[81,7],"tags":[51,357,386,359],"_links":{"self":[{"href":"https:\/\/artsmartiauxcompiegnois.fr\/index.php?rest_route=\/wp\/v2\/posts\/10972"}],"collection":[{"href":"https:\/\/artsmartiauxcompiegnois.fr\/index.php?rest_route=\/wp\/v2\/posts"}],"about":[{"href":"https:\/\/artsmartiauxcompiegnois.fr\/index.php?rest_route=\/wp\/v2\/types\/post"}],"author":[{"embeddable":true,"href":"https:\/\/artsmartiauxcompiegnois.fr\/index.php?rest_route=\/wp\/v2\/users\/1"}],"replies":[{"embeddable":true,"href":"https:\/\/artsmartiauxcompiegnois.fr\/index.php?rest_route=%2Fwp%2Fv2%2Fcomments&post=10972"}],"version-history":[{"count":1,"href":"https:\/\/artsmartiauxcompiegnois.fr\/index.php?rest_route=\/wp\/v2\/posts\/10972\/revisions"}],"predecessor-version":[{"id":10974,"href":"https:\/\/artsmartiauxcompiegnois.fr\/index.php?rest_route=\/wp\/v2\/posts\/10972\/revisions\/10974"}],"wp:featuredmedia":[{"embeddable":true,"href":"https:\/\/artsmartiauxcompiegnois.fr\/index.php?rest_route=\/wp\/v2\/media\/10975"}],"wp:attachment":[{"href":"https:\/\/artsmartiauxcompiegnois.fr\/index.php?rest_route=%2Fwp%2Fv2%2Fmedia&parent=10972"}],"wp:term":[{"taxonomy":"category","embeddable":true,"href":"https:\/\/artsmartiauxcompiegnois.fr\/index.php?rest_route=%2Fwp%2Fv2%2Fcategories&post=10972"},{"taxonomy":"post_tag","embeddable":true,"href":"https:\/\/artsmartiauxcompiegnois.fr\/index.php?rest_route=%2Fwp%2Fv2%2Ftags&post=10972"}],"curies":[{"name":"wp","href":"https:\/\/api.w.org\/{rel}","templated":true}]}}