{"id":10989,"date":"2021-12-17T22:00:28","date_gmt":"2021-12-17T20:00:28","guid":{"rendered":"http:\/\/artsmartiauxcompiegnois.fr\/?p=10989"},"modified":"2022-01-04T13:35:52","modified_gmt":"2022-01-04T11:35:52","slug":"remise-des-ceintures-17-decembre-2021","status":"publish","type":"post","link":"https:\/\/artsmartiauxcompiegnois.fr\/?p=10989","title":{"rendered":"Remise des ceintures au Ta\u00ef-Jitsu  &#8211; 17 d\u00e9cembre 2021"},"content":{"rendered":"<div class=\"kvgmc6g5 cxmmr5t8 oygrvhab hcukyx3x c1et5uql ii04i59q\">\n<div dir=\"auto\">Vendredi 17 d\u00e9cembre, \u00e0 19 heures, les membres de Comit\u00e9 Directeur du Club sont venus f\u00e9liciter les adh\u00e9rents assidus des diff\u00e9rentes disciplines et leurs encadrants pour leurs engagements en cette p\u00e9riode difficile.<\/div>\n<div dir=\"auto\">C\u00e9r\u00e9monie de remise de ceinture de la section de Tai-jitsu, sous la direction de Tony et Akim. F\u00e9licitations aux laur\u00e9ats!!<\/div>\n<div dir=\"auto\"><\/div>\n<div dir=\"auto\">Respectueux des uns et des autres, vous avez appliqu\u00e9 les mesures sanitaires de notre protocole de lutte contre la propagation du virus, sans faillir ; nous vous remercions de votre implication.<\/div>\n<div dir=\"auto\"><\/div>\n<div dir=\"auto\">Au nom du Club (encadrants, comit\u00e9 directeur secr\u00e9tariat et b\u00e9n\u00e9voles, nous vous souhaitons de bonnes vacances et f\u00eates de fin d\u2019ann\u00e9e<\/div>\n<\/div>\n<div class=\"cxmmr5t8 oygrvhab hcukyx3x c1et5uql o9v6fnle ii04i59q\">\n<div dir=\"auto\">Prenons soin des autres, ceux-ci prennent soin de nous !<\/div>\n<\/div>\n<p><img loading=\"lazy\" class=\"\" src=\"https:\/\/scontent-cdg2-1.xx.fbcdn.net\/v\/t39.30808-6\/268276754_4792566260778419_496785227540789653_n.jpg?_nc_cat=102&amp;ccb=1-5&amp;_nc_sid=8bfeb9&amp;_nc_ohc=mHCO5f6M5J0AX-T07Sw&amp;_nc_ht=scontent-cdg2-1.xx&amp;oh=00_AT_fYQCKhfvDnkmYtDN3tWYcxYDsP1ylcIEGhpBm9tbROQ&amp;oe=61D853ED\" alt=\"Peut \u00eatre une image de 1 personne, position debout et int\u00e9rieur\" width=\"740\" height=\"554\" \/><img src=\"https:\/\/scontent-cdg2-1.xx.fbcdn.net\/v\/t39.30808-6\/268304802_4792566290778416_8843053990858212173_n.jpg?_nc_cat=102&amp;ccb=1-5&amp;_nc_sid=8bfeb9&amp;_nc_ohc=DJRQbIbIz_YAX8Nr3TT&amp;_nc_ht=scontent-cdg2-1.xx&amp;oh=00_AT_ZdGHcktjUX9lpyUb5zsZZGUqsNtAlozqnLwLg6XJc-w&amp;oe=61D84081\" alt=\"Peut \u00eatre une image de 2 personnes, personnes debout et int\u00e9rieur\" \/><\/p>\n","protected":false},"excerpt":{"rendered":"<p>Vendredi 17 d\u00e9cembre, \u00e0 19 heures, les membres de Comit\u00e9 Directeur du Club sont venus f\u00e9liciter les adh\u00e9rents assidus des diff\u00e9rentes disciplines et leurs encadrants pour leurs engagements en cette p\u00e9riode difficile. C\u00e9r\u00e9monie de remise de ceinture de la section de Tai-jitsu, sous la direction de Tony et Akim. F\u00e9licitations aux laur\u00e9ats!! Respectueux des uns [&hellip;]<\/p>\n","protected":false},"author":1,"featured_media":0,"comment_status":"closed","ping_status":"open","sticky":false,"template":"","format":"standard","meta":[],"categories":[5],"tags":[51,398,59],"_links":{"self":[{"href":"https:\/\/artsmartiauxcompiegnois.fr\/index.php?rest_route=\/wp\/v2\/posts\/10989"}],"collection":[{"href":"https:\/\/artsmartiauxcompiegnois.fr\/index.php?rest_route=\/wp\/v2\/posts"}],"about":[{"href":"https:\/\/artsmartiauxcompiegnois.fr\/index.php?rest_route=\/wp\/v2\/types\/post"}],"author":[{"embeddable":true,"href":"https:\/\/artsmartiauxcompiegnois.fr\/index.php?rest_route=\/wp\/v2\/users\/1"}],"replies":[{"embeddable":true,"href":"https:\/\/artsmartiauxcompiegnois.fr\/index.php?rest_route=%2Fwp%2Fv2%2Fcomments&post=10989"}],"version-history":[{"count":2,"href":"https:\/\/artsmartiauxcompiegnois.fr\/index.php?rest_route=\/wp\/v2\/posts\/10989\/revisions"}],"predecessor-version":[{"id":10991,"href":"https:\/\/artsmartiauxcompiegnois.fr\/index.php?rest_route=\/wp\/v2\/posts\/10989\/revisions\/10991"}],"wp:attachment":[{"href":"https:\/\/artsmartiauxcompiegnois.fr\/index.php?rest_route=%2Fwp%2Fv2%2Fmedia&parent=10989"}],"wp:term":[{"taxonomy":"category","embeddable":true,"href":"https:\/\/artsmartiauxcompiegnois.fr\/index.php?rest_route=%2Fwp%2Fv2%2Fcategories&post=10989"},{"taxonomy":"post_tag","embeddable":true,"href":"https:\/\/artsmartiauxcompiegnois.fr\/index.php?rest_route=%2Fwp%2Fv2%2Ftags&post=10989"}],"curies":[{"name":"wp","href":"https:\/\/api.w.org\/{rel}","templated":true}]}}