{"id":10992,"date":"2021-12-15T22:00:21","date_gmt":"2021-12-15T20:00:21","guid":{"rendered":"http:\/\/artsmartiauxcompiegnois.fr\/?p=10992"},"modified":"2022-01-04T13:36:17","modified_gmt":"2022-01-04T11:36:17","slug":"remise-des-ceintures-au-judo-15-decembre-2021","status":"publish","type":"post","link":"https:\/\/artsmartiauxcompiegnois.fr\/?p=10992","title":{"rendered":"Remise des ceintures au Judo &#8211; 15 d\u00e9cembre 2021"},"content":{"rendered":"<div class=\"kvgmc6g5 cxmmr5t8 oygrvhab hcukyx3x c1et5uql ii04i59q\">\n<div dir=\"auto\">Mercredi 15 d\u00e9cembre 2021, les jeunes judokas ont re\u00e7u leur nouvelle ceinture repr\u00e9sentant leur niveau de ma\u00eetrise de cet Arts Martial.<\/div>\n<div dir=\"auto\"><\/div>\n<div dir=\"auto\">A l\u2019issue de cette c\u00e9r\u00e9monie chacun a pu partager avec les autres, un biscuit, un jus de fruit, bien entendu dans le plus grand respect des mesures sanitaire : pass sanitaire, masque, gel hydroalcoolique, distanciation\u2026<\/div>\n<div dir=\"auto\"><img loading=\"lazy\" class=\"alignleft\" src=\"https:\/\/scontent-cdg2-1.xx.fbcdn.net\/v\/t39.30808-6\/267999456_4790466144321764_1504191195136211998_n.jpg?_nc_cat=104&amp;ccb=1-5&amp;_nc_sid=8bfeb9&amp;_nc_ohc=rpxaL3GRz2cAX_AuOrs&amp;_nc_ht=scontent-cdg2-1.xx&amp;oh=00_AT9OoOYSF0p2lqijdbfTZoPolhR1XgR6kRPv_uoMpd4F1g&amp;oe=61D8A69D\" alt=\"Peut \u00eatre une image de 3 personnes, personnes debout et int\u00e9rieur\" width=\"352\" height=\"469\" \/><img loading=\"lazy\" class=\"alignright\" src=\"https:\/\/scontent-cdt1-1.xx.fbcdn.net\/v\/t39.30808-6\/268002909_4790465870988458_8002971981658662440_n.jpg?_nc_cat=103&amp;ccb=1-5&amp;_nc_sid=8bfeb9&amp;_nc_ohc=dff050WURoIAX97G0kV&amp;_nc_ht=scontent-cdt1-1.xx&amp;oh=00_AT8EbdlIL6k3C-qWQUYz-27YgZdZoulxGD6Ygr3ViKzxAQ&amp;oe=61D94DB0\" alt=\"Peut \u00eatre une image de 4 personnes, personnes debout et int\u00e9rieur\" width=\"330\" height=\"248\" \/><\/div>\n<div dir=\"auto\"><\/div>\n<div dir=\"auto\"><\/div>\n<div dir=\"auto\"><\/div>\n<div dir=\"auto\"><\/div>\n<div dir=\"auto\"><\/div>\n<div dir=\"auto\"><\/div>\n<div dir=\"auto\"><\/div>\n<div dir=\"auto\"><\/div>\n<div dir=\"auto\"><\/div>\n<div dir=\"auto\"><\/div>\n<div dir=\"auto\"><\/div>\n<div dir=\"auto\"><img loading=\"lazy\" class=\"alignright\" src=\"https:\/\/scontent-cdt1-1.xx.fbcdn.net\/v\/t39.30808-6\/267821209_4790465527655159_5448918446847827513_n.jpg?_nc_cat=109&amp;ccb=1-5&amp;_nc_sid=8bfeb9&amp;_nc_ohc=GPGQk0OXrLIAX_h3um5&amp;tn=zfASK1SzJD5tebwL&amp;_nc_ht=scontent-cdt1-1.xx&amp;oh=00_AT-8gXcijq5dsk26vdCHDleUZvo-ojtm-Vx01BCe71ikQQ&amp;oe=61D8BE97\" alt=\"Peut \u00eatre une image de 7 personnes, personnes debout, int\u00e9rieur et texte qui dit \u2019COMPIEGNE\u2019\" width=\"329\" height=\"246\" \/><\/div>\n<div dir=\"auto\"><\/div>\n<div dir=\"auto\"><\/div>\n<div dir=\"auto\"><\/div>\n<div dir=\"auto\"><\/div>\n<div dir=\"auto\"><\/div>\n<div dir=\"auto\"><\/div>\n<div dir=\"auto\"><\/div>\n<div dir=\"auto\"><\/div>\n<\/div>\n<div dir=\"auto\"><\/div>\n<div dir=\"auto\"><\/div>\n<div dir=\"auto\"><\/div>\n<div class=\"kvgmc6g5 cxmmr5t8 oygrvhab hcukyx3x c1et5uql ii04i59q\">\n<div dir=\"auto\"><\/div>\n<div dir=\"auto\">Nous vous f\u00e9licitons pour votre travail assidu mais aussi pour le respect de l\u2019autre et des mesures sanitaires en vigueur<\/div>\n<div dir=\"auto\">Les encadrants, les membres du Comit\u00e9 De Direction vous souhaitent de bonnes et belles vacances, et f\u00eates de fin d\u2019ann\u00e9es.<\/div>\n<div dir=\"auto\"><\/div>\n<\/div>\n<div class=\"cxmmr5t8 oygrvhab hcukyx3x c1et5uql o9v6fnle ii04i59q\">\n<div dir=\"auto\">Prenons soin les uns les autres<\/div>\n<\/div>\n","protected":false},"excerpt":{"rendered":"<p>Mercredi 15 d\u00e9cembre 2021, les jeunes judokas ont re\u00e7u leur nouvelle ceinture repr\u00e9sentant leur niveau de ma\u00eetrise de cet Arts Martial. A l\u2019issue de cette c\u00e9r\u00e9monie chacun a pu partager avec les autres, un biscuit, un jus de fruit, bien entendu dans le plus grand respect des mesures sanitaire : pass sanitaire, masque, gel hydroalcoolique, [&hellip;]<\/p>\n","protected":false},"author":1,"featured_media":0,"comment_status":"closed","ping_status":"open","sticky":false,"template":"","format":"standard","meta":[],"categories":[2],"tags":[51,179,374,398],"_links":{"self":[{"href":"https:\/\/artsmartiauxcompiegnois.fr\/index.php?rest_route=\/wp\/v2\/posts\/10992"}],"collection":[{"href":"https:\/\/artsmartiauxcompiegnois.fr\/index.php?rest_route=\/wp\/v2\/posts"}],"about":[{"href":"https:\/\/artsmartiauxcompiegnois.fr\/index.php?rest_route=\/wp\/v2\/types\/post"}],"author":[{"embeddable":true,"href":"https:\/\/artsmartiauxcompiegnois.fr\/index.php?rest_route=\/wp\/v2\/users\/1"}],"replies":[{"embeddable":true,"href":"https:\/\/artsmartiauxcompiegnois.fr\/index.php?rest_route=%2Fwp%2Fv2%2Fcomments&post=10992"}],"version-history":[{"count":1,"href":"https:\/\/artsmartiauxcompiegnois.fr\/index.php?rest_route=\/wp\/v2\/posts\/10992\/revisions"}],"predecessor-version":[{"id":10993,"href":"https:\/\/artsmartiauxcompiegnois.fr\/index.php?rest_route=\/wp\/v2\/posts\/10992\/revisions\/10993"}],"wp:attachment":[{"href":"https:\/\/artsmartiauxcompiegnois.fr\/index.php?rest_route=%2Fwp%2Fv2%2Fmedia&parent=10992"}],"wp:term":[{"taxonomy":"category","embeddable":true,"href":"https:\/\/artsmartiauxcompiegnois.fr\/index.php?rest_route=%2Fwp%2Fv2%2Fcategories&post=10992"},{"taxonomy":"post_tag","embeddable":true,"href":"https:\/\/artsmartiauxcompiegnois.fr\/index.php?rest_route=%2Fwp%2Fv2%2Ftags&post=10992"}],"curies":[{"name":"wp","href":"https:\/\/api.w.org\/{rel}","templated":true}]}}