{"id":11003,"date":"2021-12-06T22:00:16","date_gmt":"2021-12-06T20:00:16","guid":{"rendered":"http:\/\/artsmartiauxcompiegnois.fr\/?p=11003"},"modified":"2022-01-04T13:55:12","modified_gmt":"2022-01-04T11:55:12","slug":"regroupement-oise-de-judo-des-poussins-06-decembre-2021","status":"publish","type":"post","link":"https:\/\/artsmartiauxcompiegnois.fr\/?p=11003","title":{"rendered":"Regroupement Oise de Judo des poussins  &#8211; 06 d\u00e9cembre 2021"},"content":{"rendered":"<div class=\"kvgmc6g5 cxmmr5t8 oygrvhab hcukyx3x c1et5uql ii04i59q\">\n<div dir=\"auto\">Le regroupement des judokas poussins du d\u00e9partement de l\u2019Oise organis\u00e9 par le Comit\u00e9 D\u00e9partemental de l\u2019Oise de Judo, aux Arts Martiaux Compi\u00e9gnois a rencontr\u00e9 un grand succ\u00e8s aupr\u00e8s des Clubs et leurs jeunes judokas.<\/div>\n<div dir=\"auto\"><\/div>\n<div dir=\"auto\">Dany Bourguignon, notre encadrant de Judo, a anim\u00e9 ce stage pour le Comit\u00e9 D\u00e9partemental de l&rsquo;Oise de Judo.<\/div>\n<\/div>\n<div dir=\"auto\">Huit jeunes judokas\u00a0 de notre Club ont particip\u00e9 activement \u00e0 cet \u00e9v\u00e9nement d\u00e9partemental.<\/div>\n<div class=\"kvgmc6g5 cxmmr5t8 oygrvhab hcukyx3x c1et5uql ii04i59q\">\n<div dir=\"auto\"><\/div>\n<\/div>\n<div class=\"cxmmr5t8 oygrvhab hcukyx3x c1et5uql o9v6fnle ii04i59q\">\n<div dir=\"auto\">Le Comit\u00e9 organisateur a remerci\u00e9 vivement le Club des Arts Martiaux Compi\u00e9gnois pour son accueil.<\/div>\n<\/div>\n<div dir=\"auto\"><img src=\"https:\/\/scontent-cdg2-1.xx.fbcdn.net\/v\/t39.30808-6\/263469267_4746546382047074_887259712926068619_n.jpg?_nc_cat=108&amp;ccb=1-5&amp;_nc_sid=8bfeb9&amp;_nc_ohc=9HZjDPFH_xsAX_5Ldw2&amp;_nc_ht=scontent-cdg2-1.xx&amp;oh=00_AT_FpwVcOQSrdIYNTzSBED3P12n98KXMWQz0DCroqqAPyw&amp;oe=61D9C400\" alt=\"Peut \u00eatre une image de 7 personnes, personnes debout et int\u00e9rieur\" \/><\/div>\n<div dir=\"auto\"><strong><img loading=\"lazy\" class=\"alignright\" src=\"https:\/\/scontent-cdt1-1.xx.fbcdn.net\/v\/t39.30808-6\/263489073_4746546448713734_4117898711900194210_n.jpg?_nc_cat=109&amp;ccb=1-5&amp;_nc_sid=8bfeb9&amp;_nc_ohc=9vhBKermBjYAX_tQYNn&amp;_nc_ht=scontent-cdt1-1.xx&amp;oh=00_AT_wjmP7UA36KANDz1VbMrU1VSLV7YF__kxGudgtz1qOfA&amp;oe=61D97842\" alt=\"Peut \u00eatre une image de 5 personnes, personnes debout et int\u00e9rieur\" width=\"304\" height=\"228\" \/><img loading=\"lazy\" class=\"alignleft\" src=\"https:\/\/scontent-cdg2-1.xx.fbcdn.net\/v\/t39.30808-6\/263656371_4746546792047033_2494028721201174910_n.jpg?_nc_cat=102&amp;ccb=1-5&amp;_nc_sid=8bfeb9&amp;_nc_ohc=gWiwBubpDp4AX87kUZ1&amp;_nc_ht=scontent-cdg2-1.xx&amp;oh=00_AT-59nSL2Tv01NCpulcPumXsFOmnhHLSiFvutBTvisH27w&amp;oe=61D8713B\" alt=\"Peut \u00eatre une image de 15 personnes, personnes debout et int\u00e9rieur\" width=\"305\" height=\"228\" \/><\/strong><\/div>\n","protected":false},"excerpt":{"rendered":"<p>Le regroupement des judokas poussins du d\u00e9partement de l\u2019Oise organis\u00e9 par le Comit\u00e9 D\u00e9partemental de l\u2019Oise de Judo, aux Arts Martiaux Compi\u00e9gnois a rencontr\u00e9 un grand succ\u00e8s aupr\u00e8s des Clubs et leurs jeunes judokas. Dany Bourguignon, notre encadrant de Judo, a anim\u00e9 ce stage pour le Comit\u00e9 D\u00e9partemental de l&rsquo;Oise de Judo. Huit jeunes judokas\u00a0 [&hellip;]<\/p>\n","protected":false},"author":1,"featured_media":0,"comment_status":"closed","ping_status":"open","sticky":false,"template":"","format":"standard","meta":[],"categories":[2,7],"tags":[51,227,179,312],"_links":{"self":[{"href":"https:\/\/artsmartiauxcompiegnois.fr\/index.php?rest_route=\/wp\/v2\/posts\/11003"}],"collection":[{"href":"https:\/\/artsmartiauxcompiegnois.fr\/index.php?rest_route=\/wp\/v2\/posts"}],"about":[{"href":"https:\/\/artsmartiauxcompiegnois.fr\/index.php?rest_route=\/wp\/v2\/types\/post"}],"author":[{"embeddable":true,"href":"https:\/\/artsmartiauxcompiegnois.fr\/index.php?rest_route=\/wp\/v2\/users\/1"}],"replies":[{"embeddable":true,"href":"https:\/\/artsmartiauxcompiegnois.fr\/index.php?rest_route=%2Fwp%2Fv2%2Fcomments&post=11003"}],"version-history":[{"count":3,"href":"https:\/\/artsmartiauxcompiegnois.fr\/index.php?rest_route=\/wp\/v2\/posts\/11003\/revisions"}],"predecessor-version":[{"id":11006,"href":"https:\/\/artsmartiauxcompiegnois.fr\/index.php?rest_route=\/wp\/v2\/posts\/11003\/revisions\/11006"}],"wp:attachment":[{"href":"https:\/\/artsmartiauxcompiegnois.fr\/index.php?rest_route=%2Fwp%2Fv2%2Fmedia&parent=11003"}],"wp:term":[{"taxonomy":"category","embeddable":true,"href":"https:\/\/artsmartiauxcompiegnois.fr\/index.php?rest_route=%2Fwp%2Fv2%2Fcategories&post=11003"},{"taxonomy":"post_tag","embeddable":true,"href":"https:\/\/artsmartiauxcompiegnois.fr\/index.php?rest_route=%2Fwp%2Fv2%2Ftags&post=11003"}],"curies":[{"name":"wp","href":"https:\/\/api.w.org\/{rel}","templated":true}]}}