{"id":11015,"date":"2021-10-30T22:00:35","date_gmt":"2021-10-30T20:00:35","guid":{"rendered":"http:\/\/artsmartiauxcompiegnois.fr\/?p=11015"},"modified":"2022-01-04T14:15:37","modified_gmt":"2022-01-04T12:15:37","slug":"octobre-rose-stage-au-dojo-regional-damiens-30-octobre-2021","status":"publish","type":"post","link":"https:\/\/artsmartiauxcompiegnois.fr\/?p=11015","title":{"rendered":"Octobre Rose &#8211; Stage au Dojo r\u00e9gional d\u2019Amiens &#8211;  30 octobre 2021"},"content":{"rendered":"<p>Quelques unes de nos sportives ont particip\u00e9 activement \u00e0 l&rsquo;excellent stage, organis\u00e9 \u00e0 l\u2019occasion d\u2019octobre rose, pour la sensibilisation contre le cancer du sein.<\/p>\n<p><img src=\"https:\/\/scontent-cdt1-1.xx.fbcdn.net\/v\/t39.30808-6\/251091924_4627892817245765_1917420451709668860_n.jpg?_nc_cat=101&amp;ccb=1-5&amp;_nc_sid=730e14&amp;_nc_ohc=onvLysFKrLgAX-QeD1i&amp;_nc_ht=scontent-cdt1-1.xx&amp;oh=00_AT--IjtUgotbJa8RUWgAUiV-6pRrePvuRHTEe4lqAkqUsA&amp;oe=61D949D7\" alt=\"Peut \u00eatre une image de une personne ou plus, personnes debout, int\u00e9rieur et texte qui dit \u2019SOMME\u2019\" \/><\/p>\n<p>Ce stage s\u2019est d\u00e9roul\u00e9 le samedi 30 octobre 2021 au Dojo r\u00e9gional d\u2019Amiens.<\/p>\n<p>Ce stage a \u00e9t\u00e9 anim\u00e9 par la vice championne du monde kumit\u00e9 et experte f\u00e9d\u00e9rale, 7eme Dan, Monique Amghar et Catherine Thery, experte f\u00e9d\u00e9rale, 6eme Dan et membre de la commission nationale f\u00e9minine.<\/p>\n<p>Nous sommes sensibles \u00e0 la d\u00e9fense et m\u00e9diatisation de cette cause. Nous remercions et f\u00e9licitons les organisateurs, les animatrices du stage, ainsi que toutes les participantes \u00e0 cet engagement citoyen.<\/p>\n","protected":false},"excerpt":{"rendered":"<p>Quelques unes de nos sportives ont particip\u00e9 activement \u00e0 l&rsquo;excellent stage, organis\u00e9 \u00e0 l\u2019occasion d\u2019octobre rose, pour la sensibilisation contre le cancer du sein. Ce stage s\u2019est d\u00e9roul\u00e9 le samedi 30 octobre 2021 au Dojo r\u00e9gional d\u2019Amiens. Ce stage a \u00e9t\u00e9 anim\u00e9 par la vice championne du monde kumit\u00e9 et experte f\u00e9d\u00e9rale, 7eme Dan, Monique [&hellip;]<\/p>\n","protected":false},"author":1,"featured_media":0,"comment_status":"closed","ping_status":"open","sticky":false,"template":"","format":"standard","meta":[],"categories":[81,4,7],"tags":[51,400],"_links":{"self":[{"href":"https:\/\/artsmartiauxcompiegnois.fr\/index.php?rest_route=\/wp\/v2\/posts\/11015"}],"collection":[{"href":"https:\/\/artsmartiauxcompiegnois.fr\/index.php?rest_route=\/wp\/v2\/posts"}],"about":[{"href":"https:\/\/artsmartiauxcompiegnois.fr\/index.php?rest_route=\/wp\/v2\/types\/post"}],"author":[{"embeddable":true,"href":"https:\/\/artsmartiauxcompiegnois.fr\/index.php?rest_route=\/wp\/v2\/users\/1"}],"replies":[{"embeddable":true,"href":"https:\/\/artsmartiauxcompiegnois.fr\/index.php?rest_route=%2Fwp%2Fv2%2Fcomments&post=11015"}],"version-history":[{"count":1,"href":"https:\/\/artsmartiauxcompiegnois.fr\/index.php?rest_route=\/wp\/v2\/posts\/11015\/revisions"}],"predecessor-version":[{"id":11016,"href":"https:\/\/artsmartiauxcompiegnois.fr\/index.php?rest_route=\/wp\/v2\/posts\/11015\/revisions\/11016"}],"wp:attachment":[{"href":"https:\/\/artsmartiauxcompiegnois.fr\/index.php?rest_route=%2Fwp%2Fv2%2Fmedia&parent=11015"}],"wp:term":[{"taxonomy":"category","embeddable":true,"href":"https:\/\/artsmartiauxcompiegnois.fr\/index.php?rest_route=%2Fwp%2Fv2%2Fcategories&post=11015"},{"taxonomy":"post_tag","embeddable":true,"href":"https:\/\/artsmartiauxcompiegnois.fr\/index.php?rest_route=%2Fwp%2Fv2%2Ftags&post=11015"}],"curies":[{"name":"wp","href":"https:\/\/api.w.org\/{rel}","templated":true}]}}