{"id":11050,"date":"2022-01-16T14:28:57","date_gmt":"2022-01-16T12:28:57","guid":{"rendered":"http:\/\/artsmartiauxcompiegnois.fr\/?p=11050"},"modified":"2022-01-16T14:34:05","modified_gmt":"2022-01-16T12:34:05","slug":"stage-national-des-cadres-du-tai-jitsu-des-12-13-fevrier-2022","status":"publish","type":"post","link":"https:\/\/artsmartiauxcompiegnois.fr\/?p=11050","title":{"rendered":"STAGE NATIONAL DES CADRES DU TA\u00cf JITSU des 12 &#038; 13 f\u00e9vrier 2022"},"content":{"rendered":"<div style=\"text-align: JUSTIFY;\">Ce stage se d\u00e9roulera les\u00a0<span dir=\"ltr\">12 et 13 f\u00e9vrier 2022<\/span>\u00a0Castelnau le lez (MONTPELLIER)<\/div>\n<div style=\"text-align: right;\"><\/div>\n<div style=\"text-align: JUSTIFY;\">La Commission Nationale de Ta\u00ef-jitsu a programm\u00e9 un stage exceptionnel GRATUIT, s&rsquo;adressant aux cadres : Professeurs, Assistants, et aussi \u00e0 toutes les ceintures noires, qui se d\u00e9roulera au Centre National d&rsquo;entra\u00eenement FFKDA.<\/div>\n<div style=\"text-align: JUSTIFY;\">Ce grand stage sera l&rsquo;occasion d&rsquo;\u00e9changer, et de r\u00e9actualiser nos connaissances; il est primordial de suivre une formation continue, afin de continuer \u00e0 progresser.<\/div>\n<div style=\"text-align: right;\"><\/div>\n<div style=\"text-align: JUSTIFY;\">La FFKarat\u00e9 a envoy\u00e9 aux correspondants de club les infos et fiches d&rsquo;inscription (date limite d&rsquo;inscription\u00a0<span dir=\"ltr\">le 31 janvier 2022<\/span>).<\/div>\n<div style=\"text-align: right;\"><\/div>\n<div style=\"text-align: JUSTIFY;\">Dans l&rsquo;hypoth\u00e8se o\u00f9 vous n&rsquo;auriez pas re\u00e7u la documentation, voici les liens:<\/div>\n<div style=\"text-align: right;\"><\/div>\n<h2 style=\"text-align: center;\"><em><strong><span style=\"color: #ff0000;\">INSCRIPTION EN LIGNE<\/span><\/strong><\/em><\/h2>\n<div><span dir=\"ltr\">https:\/\/www.ffkarate.fr\/calendrier\/stage-national-de-tai-jitsu\/<\/span><\/div>\n<div><\/div>\n<div><\/div>\n<h2 style=\"text-align: center;\"><span style=\"color: #ff0000;\"><em><strong>PROGRAMME<\/strong><\/em><\/span><\/h2>\n<div><span dir=\"ltr\">https:\/\/www.ffkarate.fr\/wp-content\/uploads\/2022\/01\/2022_02_12-13_STAGE-ENCADRANTS-TAI-JITSU.pdf<\/span><\/div>\n<div><\/div>\n<div><\/div>\n<h2 style=\"text-align: center;\"><em><strong><span style=\"color: #ff0000;\">AFFICHE<\/span><\/strong><\/em><\/h2>\n<div><span dir=\"ltr\">https:\/\/www.ffkarate.fr\/wp-content\/uploads\/2022\/01\/FFK_2021-2022_12-23FEV_STAGE-NATIONAL-TAI-JITSU.pdf<\/span><\/div>\n<div><\/div>\n<div><\/div>\n<div><img loading=\"lazy\" class=\" wp-image-11051 alignleft\" src=\"http:\/\/artsmartiauxcompiegnois.fr\/wp-content\/uploads\/2022\/01\/STAGE-CADRE-TAI-1-2.jpg\" alt=\"\" width=\"291\" height=\"437\" srcset=\"https:\/\/artsmartiauxcompiegnois.fr\/wp-content\/uploads\/2022\/01\/STAGE-CADRE-TAI-1-2.jpg 377w, https:\/\/artsmartiauxcompiegnois.fr\/wp-content\/uploads\/2022\/01\/STAGE-CADRE-TAI-1-2-200x300.jpg 200w, https:\/\/artsmartiauxcompiegnois.fr\/wp-content\/uploads\/2022\/01\/STAGE-CADRE-TAI-1-2-119x178.jpg 119w\" sizes=\"(max-width: 291px) 100vw, 291px\" \/> <img loading=\"lazy\" class=\" wp-image-11052 alignright\" src=\"http:\/\/artsmartiauxcompiegnois.fr\/wp-content\/uploads\/2022\/01\/STAGE-CADRE-TAI-2-2.jpg\" alt=\"\" width=\"306\" height=\"439\" srcset=\"https:\/\/artsmartiauxcompiegnois.fr\/wp-content\/uploads\/2022\/01\/STAGE-CADRE-TAI-2-2.jpg 392w, https:\/\/artsmartiauxcompiegnois.fr\/wp-content\/uploads\/2022\/01\/STAGE-CADRE-TAI-2-2-209x300.jpg 209w, https:\/\/artsmartiauxcompiegnois.fr\/wp-content\/uploads\/2022\/01\/STAGE-CADRE-TAI-2-2-124x178.jpg 124w\" sizes=\"(max-width: 306px) 100vw, 306px\" \/><\/div>\n<div><\/div>\n<div><\/div>\n<div><\/div>\n<div><\/div>\n<div><\/div>\n<div><\/div>\n<div><\/div>\n<div><\/div>\n<div><\/div>\n<div><\/div>\n<div><\/div>\n<div><\/div>\n<div><\/div>\n<div><\/div>\n<div><\/div>\n<div><\/div>\n<div><\/div>\n<div><\/div>\n<div><\/div>\n<div><\/div>\n<div><\/div>\n<div><\/div>\n<div><\/div>\n<div><\/div>\n<div><\/div>\n","protected":false},"excerpt":{"rendered":"<p>Ce stage se d\u00e9roulera les\u00a012 et 13 f\u00e9vrier 2022\u00a0Castelnau le lez (MONTPELLIER) La Commission Nationale de Ta\u00ef-jitsu a programm\u00e9 un stage exceptionnel GRATUIT, s&rsquo;adressant aux cadres : Professeurs, Assistants, et aussi \u00e0 toutes les ceintures noires, qui se d\u00e9roulera au Centre National d&rsquo;entra\u00eenement FFKDA. Ce grand stage sera l&rsquo;occasion d&rsquo;\u00e9changer, et de r\u00e9actualiser nos connaissances; [&hellip;]<\/p>\n","protected":false},"author":1,"featured_media":11051,"comment_status":"closed","ping_status":"open","sticky":false,"template":"","format":"standard","meta":[],"categories":[81,7,5],"tags":[404,403,399,59],"_links":{"self":[{"href":"https:\/\/artsmartiauxcompiegnois.fr\/index.php?rest_route=\/wp\/v2\/posts\/11050"}],"collection":[{"href":"https:\/\/artsmartiauxcompiegnois.fr\/index.php?rest_route=\/wp\/v2\/posts"}],"about":[{"href":"https:\/\/artsmartiauxcompiegnois.fr\/index.php?rest_route=\/wp\/v2\/types\/post"}],"author":[{"embeddable":true,"href":"https:\/\/artsmartiauxcompiegnois.fr\/index.php?rest_route=\/wp\/v2\/users\/1"}],"replies":[{"embeddable":true,"href":"https:\/\/artsmartiauxcompiegnois.fr\/index.php?rest_route=%2Fwp%2Fv2%2Fcomments&post=11050"}],"version-history":[{"count":6,"href":"https:\/\/artsmartiauxcompiegnois.fr\/index.php?rest_route=\/wp\/v2\/posts\/11050\/revisions"}],"predecessor-version":[{"id":11058,"href":"https:\/\/artsmartiauxcompiegnois.fr\/index.php?rest_route=\/wp\/v2\/posts\/11050\/revisions\/11058"}],"wp:featuredmedia":[{"embeddable":true,"href":"https:\/\/artsmartiauxcompiegnois.fr\/index.php?rest_route=\/wp\/v2\/media\/11051"}],"wp:attachment":[{"href":"https:\/\/artsmartiauxcompiegnois.fr\/index.php?rest_route=%2Fwp%2Fv2%2Fmedia&parent=11050"}],"wp:term":[{"taxonomy":"category","embeddable":true,"href":"https:\/\/artsmartiauxcompiegnois.fr\/index.php?rest_route=%2Fwp%2Fv2%2Fcategories&post=11050"},{"taxonomy":"post_tag","embeddable":true,"href":"https:\/\/artsmartiauxcompiegnois.fr\/index.php?rest_route=%2Fwp%2Fv2%2Ftags&post=11050"}],"curies":[{"name":"wp","href":"https:\/\/api.w.org\/{rel}","templated":true}]}}