{"id":11072,"date":"2022-02-09T20:00:58","date_gmt":"2022-02-09T18:00:58","guid":{"rendered":"http:\/\/artsmartiauxcompiegnois.fr\/?p=11072"},"modified":"2022-02-11T18:11:25","modified_gmt":"2022-02-11T16:11:25","slug":"partenariat","status":"publish","type":"post","link":"https:\/\/artsmartiauxcompiegnois.fr\/?p=11072","title":{"rendered":"Partenariat avec le Cr\u00e9dit Agricole Brie Picardie"},"content":{"rendered":"<p><img loading=\"lazy\" class=\" wp-image-11069 alignleft\" src=\"http:\/\/artsmartiauxcompiegnois.fr\/wp-content\/uploads\/2022\/02\/IMG_18381-576x1024.png\" alt=\"\" width=\"401\" height=\"713\" srcset=\"https:\/\/artsmartiauxcompiegnois.fr\/wp-content\/uploads\/2022\/02\/IMG_18381-576x1024.png 576w, https:\/\/artsmartiauxcompiegnois.fr\/wp-content\/uploads\/2022\/02\/IMG_18381-169x300.png 169w, https:\/\/artsmartiauxcompiegnois.fr\/wp-content\/uploads\/2022\/02\/IMG_18381-100x178.png 100w, https:\/\/artsmartiauxcompiegnois.fr\/wp-content\/uploads\/2022\/02\/IMG_18381.png 750w\" sizes=\"(max-width: 401px) 100vw, 401px\" \/><\/p>\n<p>&nbsp;<\/p>\n<p>Le club des Arts Martiaux Compi\u00e9gnois, repr\u00e9sent\u00e9 par son Pr\u00e9sident, Akim Bahmed, a sign\u00e9 une convention de partenariat avec le Cr\u00e9dit Agricole Brie Picardie repr\u00e9sent\u00e9 par son Directeur de secteur Eric Z\u00e9nibel et Lauriane Presson.<\/p>\n<p>Diff\u00e9rents projets sont d&rsquo;ores et d\u00e9j\u00e0 \u00e0 l&rsquo;\u00e9tude.<\/p>\n<p>&nbsp;<\/p>\n<p>&nbsp;<\/p>\n<div id=\"attachment_11068\" style=\"width: 222px\" class=\"wp-caption alignright\"><img aria-describedby=\"caption-attachment-11068\" loading=\"lazy\" class=\" wp-image-11068\" src=\"http:\/\/artsmartiauxcompiegnois.fr\/wp-content\/uploads\/2022\/02\/IMG_84901-e1644509346628.png\" alt=\"\" width=\"212\" height=\"158\" \/><p id=\"caption-attachment-11068\" class=\"wp-caption-text\">Le Cr\u00e9dit Agricole Brie Picardie soutient le Club des Arts Martiaux Compi\u00e9gnois<\/p><\/div>\n","protected":false},"excerpt":{"rendered":"<p>&nbsp; Le club des Arts Martiaux Compi\u00e9gnois, repr\u00e9sent\u00e9 par son Pr\u00e9sident, Akim Bahmed, a sign\u00e9 une convention de partenariat avec le Cr\u00e9dit Agricole Brie Picardie repr\u00e9sent\u00e9 par son Directeur de secteur Eric Z\u00e9nibel et Lauriane Presson. Diff\u00e9rents projets sont d&rsquo;ores et d\u00e9j\u00e0 \u00e0 l&rsquo;\u00e9tude. &nbsp; &nbsp;<\/p>\n","protected":false},"author":1,"featured_media":11068,"comment_status":"closed","ping_status":"open","sticky":false,"template":"","format":"standard","meta":[],"categories":[7],"tags":[116,407,405],"_links":{"self":[{"href":"https:\/\/artsmartiauxcompiegnois.fr\/index.php?rest_route=\/wp\/v2\/posts\/11072"}],"collection":[{"href":"https:\/\/artsmartiauxcompiegnois.fr\/index.php?rest_route=\/wp\/v2\/posts"}],"about":[{"href":"https:\/\/artsmartiauxcompiegnois.fr\/index.php?rest_route=\/wp\/v2\/types\/post"}],"author":[{"embeddable":true,"href":"https:\/\/artsmartiauxcompiegnois.fr\/index.php?rest_route=\/wp\/v2\/users\/1"}],"replies":[{"embeddable":true,"href":"https:\/\/artsmartiauxcompiegnois.fr\/index.php?rest_route=%2Fwp%2Fv2%2Fcomments&post=11072"}],"version-history":[{"count":3,"href":"https:\/\/artsmartiauxcompiegnois.fr\/index.php?rest_route=\/wp\/v2\/posts\/11072\/revisions"}],"predecessor-version":[{"id":11088,"href":"https:\/\/artsmartiauxcompiegnois.fr\/index.php?rest_route=\/wp\/v2\/posts\/11072\/revisions\/11088"}],"wp:featuredmedia":[{"embeddable":true,"href":"https:\/\/artsmartiauxcompiegnois.fr\/index.php?rest_route=\/wp\/v2\/media\/11068"}],"wp:attachment":[{"href":"https:\/\/artsmartiauxcompiegnois.fr\/index.php?rest_route=%2Fwp%2Fv2%2Fmedia&parent=11072"}],"wp:term":[{"taxonomy":"category","embeddable":true,"href":"https:\/\/artsmartiauxcompiegnois.fr\/index.php?rest_route=%2Fwp%2Fv2%2Fcategories&post=11072"},{"taxonomy":"post_tag","embeddable":true,"href":"https:\/\/artsmartiauxcompiegnois.fr\/index.php?rest_route=%2Fwp%2Fv2%2Ftags&post=11072"}],"curies":[{"name":"wp","href":"https:\/\/api.w.org\/{rel}","templated":true}]}}