{"id":11083,"date":"2022-02-10T20:00:57","date_gmt":"2022-02-10T18:00:57","guid":{"rendered":"http:\/\/artsmartiauxcompiegnois.fr\/?p=11083"},"modified":"2022-02-11T18:08:31","modified_gmt":"2022-02-11T16:08:31","slug":"convention-de-partenariat-avec-acfm-impression","status":"publish","type":"post","link":"https:\/\/artsmartiauxcompiegnois.fr\/?p=11083","title":{"rendered":"Convention de partenariat avec ACFM-Impression"},"content":{"rendered":"<div class=\"kvgmc6g5 cxmmr5t8 oygrvhab hcukyx3x c1et5uql ii04i59q\">\n<div dir=\"auto\"><img loading=\"lazy\" class=\" wp-image-11084 alignleft\" src=\"http:\/\/artsmartiauxcompiegnois.fr\/wp-content\/uploads\/2022\/02\/IMG_18431.jpg\" alt=\"\" width=\"318\" height=\"359\" srcset=\"https:\/\/artsmartiauxcompiegnois.fr\/wp-content\/uploads\/2022\/02\/IMG_18431.jpg 750w, https:\/\/artsmartiauxcompiegnois.fr\/wp-content\/uploads\/2022\/02\/IMG_18431-266x300.jpg 266w, https:\/\/artsmartiauxcompiegnois.fr\/wp-content\/uploads\/2022\/02\/IMG_18431-158x178.jpg 158w\" sizes=\"(max-width: 318px) 100vw, 318px\" \/><\/div>\n<div dir=\"auto\">Le 10 f\u00e9vrier 2021, Akim Bahmed, Pr\u00e9sident du Club des Arts Martiaux Compi\u00e9gnois et Alain Ta\u00efb, Directeur de ACFM Impression ont renouvel\u00e9 leur partenariat.<\/div>\n<div dir=\"auto\"><\/div>\n<\/div>\n<div class=\"cxmmr5t8 oygrvhab hcukyx3x c1et5uql o9v6fnle ii04i59q\">\n<div dir=\"auto\">ACFM-Impression est une entreprise r\u00e9active, et fid\u00e8le \u00e0 ses engagements, qui nous accompagne d\u00e9j\u00e0 depuis plusieurs ann\u00e9es.<\/div>\n<\/div>\n<div dir=\"auto\"><\/div>\n<div dir=\"auto\"><img loading=\"lazy\" class=\"aligncenter size-full wp-image-11085\" src=\"http:\/\/artsmartiauxcompiegnois.fr\/wp-content\/uploads\/2022\/02\/LOGO-ACFM.jpg\" alt=\"\" width=\"183\" height=\"159\" srcset=\"https:\/\/artsmartiauxcompiegnois.fr\/wp-content\/uploads\/2022\/02\/LOGO-ACFM.jpg 183w, https:\/\/artsmartiauxcompiegnois.fr\/wp-content\/uploads\/2022\/02\/LOGO-ACFM-178x155.jpg 178w\" sizes=\"(max-width: 183px) 100vw, 183px\" \/><\/div>\n","protected":false},"excerpt":{"rendered":"<p>Le 10 f\u00e9vrier 2021, Akim Bahmed, Pr\u00e9sident du Club des Arts Martiaux Compi\u00e9gnois et Alain Ta\u00efb, Directeur de ACFM Impression ont renouvel\u00e9 leur partenariat. ACFM-Impression est une entreprise r\u00e9active, et fid\u00e8le \u00e0 ses engagements, qui nous accompagne d\u00e9j\u00e0 depuis plusieurs ann\u00e9es.<\/p>\n","protected":false},"author":1,"featured_media":11085,"comment_status":"closed","ping_status":"open","sticky":false,"template":"","format":"standard","meta":[],"categories":[8,81,7],"tags":[406,51,405],"_links":{"self":[{"href":"https:\/\/artsmartiauxcompiegnois.fr\/index.php?rest_route=\/wp\/v2\/posts\/11083"}],"collection":[{"href":"https:\/\/artsmartiauxcompiegnois.fr\/index.php?rest_route=\/wp\/v2\/posts"}],"about":[{"href":"https:\/\/artsmartiauxcompiegnois.fr\/index.php?rest_route=\/wp\/v2\/types\/post"}],"author":[{"embeddable":true,"href":"https:\/\/artsmartiauxcompiegnois.fr\/index.php?rest_route=\/wp\/v2\/users\/1"}],"replies":[{"embeddable":true,"href":"https:\/\/artsmartiauxcompiegnois.fr\/index.php?rest_route=%2Fwp%2Fv2%2Fcomments&post=11083"}],"version-history":[{"count":1,"href":"https:\/\/artsmartiauxcompiegnois.fr\/index.php?rest_route=\/wp\/v2\/posts\/11083\/revisions"}],"predecessor-version":[{"id":11086,"href":"https:\/\/artsmartiauxcompiegnois.fr\/index.php?rest_route=\/wp\/v2\/posts\/11083\/revisions\/11086"}],"wp:featuredmedia":[{"embeddable":true,"href":"https:\/\/artsmartiauxcompiegnois.fr\/index.php?rest_route=\/wp\/v2\/media\/11085"}],"wp:attachment":[{"href":"https:\/\/artsmartiauxcompiegnois.fr\/index.php?rest_route=%2Fwp%2Fv2%2Fmedia&parent=11083"}],"wp:term":[{"taxonomy":"category","embeddable":true,"href":"https:\/\/artsmartiauxcompiegnois.fr\/index.php?rest_route=%2Fwp%2Fv2%2Fcategories&post=11083"},{"taxonomy":"post_tag","embeddable":true,"href":"https:\/\/artsmartiauxcompiegnois.fr\/index.php?rest_route=%2Fwp%2Fv2%2Ftags&post=11083"}],"curies":[{"name":"wp","href":"https:\/\/api.w.org\/{rel}","templated":true}]}}