{"id":11094,"date":"2022-03-15T16:24:42","date_gmt":"2022-03-15T14:24:42","guid":{"rendered":"http:\/\/artsmartiauxcompiegnois.fr\/?p=11094"},"modified":"2022-03-22T16:59:32","modified_gmt":"2022-03-22T14:59:32","slug":"self-defense-une-nouvelle-discipline-ouverte-aux-non-licenciees-amc","status":"publish","type":"post","link":"https:\/\/artsmartiauxcompiegnois.fr\/?p=11094","title":{"rendered":"Self-D\u00e9fense &#8211; une nouvelle discipline ouverte aux non-licenci\u00e9(e)s AMC"},"content":{"rendered":"<p>Durant 3 mois (avril, mai et juin) le Club des Arts Martiaux Compi\u00e9gnois ouvre des cr\u00e9neaux horaires r\u00e9serv\u00e9s au Self-D\u00e9fense. Cette offre est ouverte \u00e0 toute personne, d\u00e8s 10 ans, sans n\u00e9cessairement \u00eatre adh\u00e9rent au Club AMC.<\/p>\n<p>Inscrivez-vous \u00e0 ces s\u00e9ances aupr\u00e8s du secr\u00e9tariat du Club d\u00e8s le 25 mars 2022<\/p>\n<p><img loading=\"lazy\" class=\"aligncenter size-full wp-image-11095\" src=\"http:\/\/artsmartiauxcompiegnois.fr\/wp-content\/uploads\/2022\/03\/ACST32821.jpg\" alt=\"\" width=\"699\" height=\"963\" srcset=\"https:\/\/artsmartiauxcompiegnois.fr\/wp-content\/uploads\/2022\/03\/ACST32821.jpg 699w, https:\/\/artsmartiauxcompiegnois.fr\/wp-content\/uploads\/2022\/03\/ACST32821-218x300.jpg 218w, https:\/\/artsmartiauxcompiegnois.fr\/wp-content\/uploads\/2022\/03\/ACST32821-129x178.jpg 129w\" sizes=\"(max-width: 699px) 100vw, 699px\" \/><\/p>\n","protected":false},"excerpt":{"rendered":"<p>Durant 3 mois (avril, mai et juin) le Club des Arts Martiaux Compi\u00e9gnois ouvre des cr\u00e9neaux horaires r\u00e9serv\u00e9s au Self-D\u00e9fense. Cette offre est ouverte \u00e0 toute personne, d\u00e8s 10 ans, sans n\u00e9cessairement \u00eatre adh\u00e9rent au Club AMC. Inscrivez-vous \u00e0 ces s\u00e9ances aupr\u00e8s du secr\u00e9tariat du Club d\u00e8s le 25 mars 2022<\/p>\n","protected":false},"author":1,"featured_media":11095,"comment_status":"closed","ping_status":"open","sticky":false,"template":"","format":"standard","meta":[],"categories":[328,81,7],"tags":[116,147],"_links":{"self":[{"href":"https:\/\/artsmartiauxcompiegnois.fr\/index.php?rest_route=\/wp\/v2\/posts\/11094"}],"collection":[{"href":"https:\/\/artsmartiauxcompiegnois.fr\/index.php?rest_route=\/wp\/v2\/posts"}],"about":[{"href":"https:\/\/artsmartiauxcompiegnois.fr\/index.php?rest_route=\/wp\/v2\/types\/post"}],"author":[{"embeddable":true,"href":"https:\/\/artsmartiauxcompiegnois.fr\/index.php?rest_route=\/wp\/v2\/users\/1"}],"replies":[{"embeddable":true,"href":"https:\/\/artsmartiauxcompiegnois.fr\/index.php?rest_route=%2Fwp%2Fv2%2Fcomments&post=11094"}],"version-history":[{"count":3,"href":"https:\/\/artsmartiauxcompiegnois.fr\/index.php?rest_route=\/wp\/v2\/posts\/11094\/revisions"}],"predecessor-version":[{"id":11098,"href":"https:\/\/artsmartiauxcompiegnois.fr\/index.php?rest_route=\/wp\/v2\/posts\/11094\/revisions\/11098"}],"wp:featuredmedia":[{"embeddable":true,"href":"https:\/\/artsmartiauxcompiegnois.fr\/index.php?rest_route=\/wp\/v2\/media\/11095"}],"wp:attachment":[{"href":"https:\/\/artsmartiauxcompiegnois.fr\/index.php?rest_route=%2Fwp%2Fv2%2Fmedia&parent=11094"}],"wp:term":[{"taxonomy":"category","embeddable":true,"href":"https:\/\/artsmartiauxcompiegnois.fr\/index.php?rest_route=%2Fwp%2Fv2%2Fcategories&post=11094"},{"taxonomy":"post_tag","embeddable":true,"href":"https:\/\/artsmartiauxcompiegnois.fr\/index.php?rest_route=%2Fwp%2Fv2%2Ftags&post=11094"}],"curies":[{"name":"wp","href":"https:\/\/api.w.org\/{rel}","templated":true}]}}