{"id":11117,"date":"2022-03-27T20:38:44","date_gmt":"2022-03-27T18:38:44","guid":{"rendered":"http:\/\/artsmartiauxcompiegnois.fr\/?p=11117"},"modified":"2022-03-30T09:41:01","modified_gmt":"2022-03-30T07:41:01","slug":"tournoi-de-judo-a-villers-cotterets-27-mars-2022","status":"publish","type":"post","link":"https:\/\/artsmartiauxcompiegnois.fr\/?p=11117","title":{"rendered":"Tournoi de Judo \u00e0 Villers-Cotter\u00eats &#8211; 27 mars 2022"},"content":{"rendered":"<div class=\"kvgmc6g5 cxmmr5t8 oygrvhab hcukyx3x c1et5uql ii04i59q\">\n<div dir=\"auto\">Club des Arts Martiaux Compiegnois a \u00e9t\u00e9 dignement repr\u00e9sent\u00e9 au Tournoi de Judo de Villers Cotter\u00eats dimanche 27 mars 2022.<\/div>\n<div dir=\"auto\">Coach\u00e9s par Dany Bourguignon, nos jeunes judokas ont particip\u00e9 activement en nombre.\u00a0Certains d\u2019entre-eux sont mont\u00e9s sur le Podium<\/div>\n<\/div>\n<div class=\"cxmmr5t8 oygrvhab hcukyx3x c1et5uql o9v6fnle ii04i59q\">\n<div dir=\"auto\"><\/div>\n<div dir=\"auto\">Le Club a \u00e9t\u00e9 r\u00e9compens\u00e9 pour sa participation en nombre avec 27 judokas \u00e0 ce tournoi qui a r\u00e9uni 13 clubs !<\/div>\n<div dir=\"auto\"><\/div>\n<div dir=\"auto\">Bravo !<\/div>\n<div dir=\"auto\">Merci <span class=\"nc684nl6\">Dany Bourguignon<\/span><\/div>\n<div dir=\"auto\"><\/div>\n<\/div>\n<div class=\"cxmmr5t8 oygrvhab hcukyx3x c1et5uql o9v6fnle ii04i59q\">\n<div dir=\"auto\">\n<table>\n<tbody>\n<tr>\n<td width=\"302\"><strong>les EVEILS : 7 participants<\/strong><\/p>\n<p>&#8211; Elyes : 2\u00e8me,<br \/>\n&#8211; Jules : 3\u00e8me,<br \/>\n&#8211; L\u00e9on : 3\u00e8me,<br \/>\n&#8211; Emes : 2\u00e8me,<br \/>\n&#8211; Adam : 1er,<br \/>\n&#8211; Liam : 1er,<br \/>\n&#8211; No\u00e9 : 3\u00e8me.<\/p>\n<p>&nbsp;<\/td>\n<td width=\"302\"><strong>les PRE-POUSSINS : 9 participants<\/strong><\/p>\n<p>&#8211; Lucas : 2\u00e8me,<br \/>\n&#8211; Ahmed : 3\u00e8me,<br \/>\n&#8211; William : 1er,<br \/>\n&#8211; Emre : 3\u00e8me,<br \/>\n&#8211; Assia : 3\u00e8me,<br \/>\n&#8211; Auguste : 3\u00e8me,<br \/>\n&#8211; Harouma : 1er,<br \/>\n&#8211; Awa : 3\u00e8me,<br \/>\n&#8211; Loic : 1er.<\/td>\n<\/tr>\n<tr>\n<td width=\"302\"><strong>les POUSSINS : 7 participants<\/strong><\/p>\n<p>&#8211; Ayoub : 2\u00e8me,<br \/>\n&#8211; Rose : 1\u00e8re,<br \/>\n&#8211; Baptiste : 3\u00e8me,<br \/>\n&#8211; Adil : 3\u00e8me,<br \/>\n&#8211; Noah : 3\u00e8me,<br \/>\n&#8211; Lucas : 2\u00e8me,<br \/>\n&#8211; Sarah : 3\u00e8me.<\/td>\n<td width=\"302\"><strong>les BENJAMINS : 5 participants<\/strong><\/p>\n<p>&#8211; Ines : 2\u00e8me,<br \/>\n&#8211; Alix : 3\u00e8me,<br \/>\n&#8211; Elima : 2\u00e8me,<br \/>\n&#8211; Eliot 3\u00e8me,<br \/>\n&#8211; Hafisatou : 1\u00e8re.<\/td>\n<\/tr>\n<\/tbody>\n<\/table>\n<p>&nbsp;<\/p>\n<table>\n<tbody>\n<tr>\n<td><img loading=\"lazy\" class=\"aligncenter\" src=\"https:\/\/scontent-cdg2-1.xx.fbcdn.net\/v\/t39.30808-6\/277308188_5121554374546271_4520568664683217234_n.jpg?_nc_cat=100&amp;ccb=1-5&amp;_nc_sid=8bfeb9&amp;_nc_ohc=pg0A9WxOgO8AX9_vUrM&amp;tn=zfASK1SzJD5tebwL&amp;_nc_ht=scontent-cdg2-1.xx&amp;oh=00_AT97k6wdRTBkKEV7o1UlvC9ft7I7n_DWV069g9avXBBNUw&amp;oe=62492917\" alt=\"Peut \u00eatre une image de 5 personnes, personnes debout et int\u00e9rieur\" width=\"227\" height=\"303\" \/><\/td>\n<td><img loading=\"lazy\" class=\"aligncenter\" src=\"https:\/\/scontent-cdt1-1.xx.fbcdn.net\/v\/t39.30808-6\/276286237_5119308728104169_4071580985192219372_n.jpg?_nc_cat=103&amp;ccb=1-5&amp;_nc_sid=8bfeb9&amp;_nc_ohc=PHgnwTyiENYAX9mkdyb&amp;tn=zfASK1SzJD5tebwL&amp;_nc_ht=scontent-cdt1-1.xx&amp;oh=00_AT_MvE9Ts5Z_7MkL7ldxdryarnY-DJ0-dIEhmp_EkI7ZGA&amp;oe=6248D07C\" alt=\"Peut \u00eatre une image de 7 personnes, personnes debout, int\u00e9rieur et texte qui dit \u2019VISITEURS\u2019\" width=\"232\" height=\"309\" \/><\/td>\n<td><\/td>\n<\/tr>\n<tr>\n<td><img loading=\"lazy\" class=\"\" src=\"https:\/\/scontent-cdg2-1.xx.fbcdn.net\/v\/t39.30808-6\/276276014_5119309204770788_6618537796584849689_n.jpg?_nc_cat=104&amp;ccb=1-5&amp;_nc_sid=8bfeb9&amp;_nc_ohc=HI5nImT0QjwAX_xHSeP&amp;tn=zfASK1SzJD5tebwL&amp;_nc_ht=scontent-cdg2-1.xx&amp;oh=00_AT_ZtHliHkLmJusGvLdyF24QcegcbIr-iAwm7i6Dd-_w8w&amp;oe=6249AE8A\" alt=\"Peut \u00eatre une image de 4 personnes, personnes debout, int\u00e9rieur et texte qui dit \u2019VILLERS CTS VISITEURS GRUNENWALD AFFILIE x 1 2 3\u2019\" width=\"229\" height=\"305\" \/><\/td>\n<td><img loading=\"lazy\" class=\"aligncenter\" src=\"https:\/\/scontent-cdt1-1.xx.fbcdn.net\/v\/t39.30808-6\/277250260_5119308991437476_1718722464668752614_n.jpg?_nc_cat=103&amp;ccb=1-5&amp;_nc_sid=8bfeb9&amp;_nc_ohc=F8VpQDCKgikAX9ZpZbH&amp;_nc_ht=scontent-cdt1-1.xx&amp;oh=00_AT84gCQleKw22tybFcHzyXjg-TAT562gMu9pQkeEByWDsg&amp;oe=62483E0B\" alt=\"Peut \u00eatre une image de 4 personnes, personnes debout, int\u00e9rieur et texte qui dit \u2019CLUB AFFILIE \u00d7 2 1 3\u2019\" width=\"228\" height=\"305\" \/><\/td>\n<\/tr>\n<tr>\n<td><img loading=\"lazy\" class=\"\" src=\"https:\/\/scontent-cdt1-1.xx.fbcdn.net\/v\/t39.30808-6\/276207774_5119309101437465_8833682620592615374_n.jpg?_nc_cat=106&amp;ccb=1-5&amp;_nc_sid=8bfeb9&amp;_nc_ohc=VOeBy0170FgAX_DYd3z&amp;tn=zfASK1SzJD5tebwL&amp;_nc_ht=scontent-cdt1-1.xx&amp;oh=00_AT_aB5aXCqSwm_lqAhQoHSj82FbgMuQwGKeLFigkt7slvQ&amp;oe=62482D7A\" alt=\"Peut \u00eatre une image de 3 personnes, personnes debout et int\u00e9rieur\" width=\"221\" height=\"295\" \/><\/td>\n<td><img loading=\"lazy\" class=\"aligncenter\" src=\"https:\/\/scontent-cdg2-1.xx.fbcdn.net\/v\/t39.30808-6\/277523386_5119308871437488_3385438666967201449_n.jpg?_nc_cat=108&amp;ccb=1-5&amp;_nc_sid=8bfeb9&amp;_nc_ohc=YCd9D8NIwMsAX8Z2AqE&amp;_nc_ht=scontent-cdg2-1.xx&amp;oh=00_AT_qmUtJlnYV-GUhaahIiHHhwkH56WI34zn_cyVBeFwtww&amp;oe=6248E77A\" alt=\"Peut \u00eatre une image de 3 personnes, personnes debout et int\u00e9rieur\" width=\"226\" height=\"301\" \/><\/td>\n<\/tr>\n<tr>\n<td><img loading=\"lazy\" class=\"aligncenter\" src=\"https:\/\/scontent-cdt1-1.xx.fbcdn.net\/v\/t39.30808-6\/277356009_5119309584770750_3986578108241997424_n.jpg?_nc_cat=110&amp;ccb=1-5&amp;_nc_sid=8bfeb9&amp;_nc_ohc=w1QKjvwlGbYAX-xf-An&amp;tn=zfASK1SzJD5tebwL&amp;_nc_ht=scontent-cdt1-1.xx&amp;oh=00_AT8zZaIEvOJQ8DKw2AKM8cg11IEcYb70kD5kvfghWkbOLg&amp;oe=624890BF\" alt=\"Peut \u00eatre une image de 5 personnes, personnes debout et int\u00e9rieur\" width=\"213\" height=\"285\" \/><\/td>\n<td><img loading=\"lazy\" class=\"aligncenter\" src=\"https:\/\/scontent-cdt1-1.xx.fbcdn.net\/v\/t39.30808-6\/277170462_5119309404770768_8425872919845137838_n.jpg?_nc_cat=109&amp;ccb=1-5&amp;_nc_sid=8bfeb9&amp;_nc_ohc=UFytk5tr1JEAX8zu0MZ&amp;_nc_ht=scontent-cdt1-1.xx&amp;oh=00_AT9zTgOyJZLZVTxJvXKNbcuY6UnBUkznjDztiaMCkYwVdg&amp;oe=6249DB6B\" alt=\"Peut \u00eatre une image de 8 personnes, personnes debout et int\u00e9rieur\" width=\"210\" height=\"279\" \/><\/td>\n<\/tr>\n<tr>\n<td><img loading=\"lazy\" class=\"aligncenter\" src=\"https:\/\/scontent-cdt1-1.xx.fbcdn.net\/v\/t39.30808-6\/276233642_5119309494770759_8206908586333632964_n.jpg?_nc_cat=106&amp;ccb=1-5&amp;_nc_sid=8bfeb9&amp;_nc_ohc=QblaJGIEoJQAX8vdn_Q&amp;_nc_oc=AQmGVWhK4iahGWPsJr9L9jOFH57j8Umz9p-PpBkvDVScAJFaNLvgiA-TQwR6wBwKCSE&amp;_nc_ht=scontent-cdt1-1.xx&amp;oh=00_AT95kBA3X2F7Mv9kniKMnIxw9icQHAPqtfDTpmD4dBxLJg&amp;oe=624991F9\" alt=\"Peut \u00eatre une image de 8 personnes, personnes debout, int\u00e9rieur et texte qui dit \u2019VILLERS CTS VISITEURS GRUNENWALD CLUB AFFILI\u00c9 1 2 3\u2019\" width=\"211\" height=\"281\" \/><\/td>\n<td><\/td>\n<\/tr>\n<\/tbody>\n<\/table>\n<\/div>\n<\/div>\n","protected":false},"excerpt":{"rendered":"<p>Club des Arts Martiaux Compiegnois a \u00e9t\u00e9 dignement repr\u00e9sent\u00e9 au Tournoi de Judo de Villers Cotter\u00eats dimanche 27 mars 2022. Coach\u00e9s par Dany Bourguignon, nos jeunes judokas ont particip\u00e9 activement en nombre.\u00a0Certains d\u2019entre-eux sont mont\u00e9s sur le Podium Le Club a \u00e9t\u00e9 r\u00e9compens\u00e9 pour sa participation en nombre avec 27 judokas \u00e0 ce tournoi qui [&hellip;]<\/p>\n","protected":false},"author":1,"featured_media":0,"comment_status":"closed","ping_status":"open","sticky":false,"template":"","format":"standard","meta":[],"categories":[253,2,7],"tags":[236],"_links":{"self":[{"href":"https:\/\/artsmartiauxcompiegnois.fr\/index.php?rest_route=\/wp\/v2\/posts\/11117"}],"collection":[{"href":"https:\/\/artsmartiauxcompiegnois.fr\/index.php?rest_route=\/wp\/v2\/posts"}],"about":[{"href":"https:\/\/artsmartiauxcompiegnois.fr\/index.php?rest_route=\/wp\/v2\/types\/post"}],"author":[{"embeddable":true,"href":"https:\/\/artsmartiauxcompiegnois.fr\/index.php?rest_route=\/wp\/v2\/users\/1"}],"replies":[{"embeddable":true,"href":"https:\/\/artsmartiauxcompiegnois.fr\/index.php?rest_route=%2Fwp%2Fv2%2Fcomments&post=11117"}],"version-history":[{"count":6,"href":"https:\/\/artsmartiauxcompiegnois.fr\/index.php?rest_route=\/wp\/v2\/posts\/11117\/revisions"}],"predecessor-version":[{"id":11123,"href":"https:\/\/artsmartiauxcompiegnois.fr\/index.php?rest_route=\/wp\/v2\/posts\/11117\/revisions\/11123"}],"wp:attachment":[{"href":"https:\/\/artsmartiauxcompiegnois.fr\/index.php?rest_route=%2Fwp%2Fv2%2Fmedia&parent=11117"}],"wp:term":[{"taxonomy":"category","embeddable":true,"href":"https:\/\/artsmartiauxcompiegnois.fr\/index.php?rest_route=%2Fwp%2Fv2%2Fcategories&post=11117"},{"taxonomy":"post_tag","embeddable":true,"href":"https:\/\/artsmartiauxcompiegnois.fr\/index.php?rest_route=%2Fwp%2Fv2%2Ftags&post=11117"}],"curies":[{"name":"wp","href":"https:\/\/api.w.org\/{rel}","templated":true}]}}