{"id":11145,"date":"2022-04-24T18:00:47","date_gmt":"2022-04-24T16:00:47","guid":{"rendered":"http:\/\/artsmartiauxcompiegnois.fr\/?p=11145"},"modified":"2022-04-26T14:53:19","modified_gmt":"2022-04-26T12:53:19","slug":"arbitrage-en-national-pour-notre-karateka-arbitre","status":"publish","type":"post","link":"https:\/\/artsmartiauxcompiegnois.fr\/?p=11145","title":{"rendered":"Arbitrage en national pour notre karat\u00e9ka &#8211; arbitre"},"content":{"rendered":"<div class=\"kvgmc6g5 cxmmr5t8 oygrvhab hcukyx3x c1et5uql ii04i59q\">\n<div dir=\"auto\">Les 23 et 24 avril 2022, Yusra, a arbitr\u00e9 les comp\u00e9titions de niveau national, lors de la Coupe de France de Karat\u00e9 Kata \u00e0 Saint-Quentin.<\/div>\n<div dir=\"auto\"><\/div>\n<\/div>\n<div class=\"cxmmr5t8 oygrvhab hcukyx3x c1et5uql o9v6fnle ii04i59q\">\n<div dir=\"auto\">Nous la f\u00e9licitons chaleureusement pour son parcours sportif et arbitral !<\/div>\n<div dir=\"auto\"><\/div>\n<div dir=\"auto\"><img src=\"https:\/\/scontent-cdt1-1.xx.fbcdn.net\/v\/t39.30808-6\/279115066_5191815657520142_7377470141561433339_n.jpg?_nc_cat=105&amp;ccb=1-5&amp;_nc_sid=8bfeb9&amp;_nc_ohc=jpR-5fLI_z0AX9nOVWN&amp;_nc_ht=scontent-cdt1-1.xx&amp;oh=00_AT8isvoXW21VyYnoJxyySrcDUpFRlcBO-G5ZvxBsyZFTYA&amp;oe=626C31F8\" alt=\"Peut \u00eatre une image de 6 personnes, personnes debout et int\u00e9rieur\" \/><\/div>\n<\/div>\n","protected":false},"excerpt":{"rendered":"<p>Les 23 et 24 avril 2022, Yusra, a arbitr\u00e9 les comp\u00e9titions de niveau national, lors de la Coupe de France de Karat\u00e9 Kata \u00e0 Saint-Quentin. Nous la f\u00e9licitons chaleureusement pour son parcours sportif et arbitral !<\/p>\n","protected":false},"author":1,"featured_media":0,"comment_status":"closed","ping_status":"open","sticky":false,"template":"","format":"standard","meta":[],"categories":[81,4,7],"tags":[263],"_links":{"self":[{"href":"https:\/\/artsmartiauxcompiegnois.fr\/index.php?rest_route=\/wp\/v2\/posts\/11145"}],"collection":[{"href":"https:\/\/artsmartiauxcompiegnois.fr\/index.php?rest_route=\/wp\/v2\/posts"}],"about":[{"href":"https:\/\/artsmartiauxcompiegnois.fr\/index.php?rest_route=\/wp\/v2\/types\/post"}],"author":[{"embeddable":true,"href":"https:\/\/artsmartiauxcompiegnois.fr\/index.php?rest_route=\/wp\/v2\/users\/1"}],"replies":[{"embeddable":true,"href":"https:\/\/artsmartiauxcompiegnois.fr\/index.php?rest_route=%2Fwp%2Fv2%2Fcomments&post=11145"}],"version-history":[{"count":1,"href":"https:\/\/artsmartiauxcompiegnois.fr\/index.php?rest_route=\/wp\/v2\/posts\/11145\/revisions"}],"predecessor-version":[{"id":11146,"href":"https:\/\/artsmartiauxcompiegnois.fr\/index.php?rest_route=\/wp\/v2\/posts\/11145\/revisions\/11146"}],"wp:attachment":[{"href":"https:\/\/artsmartiauxcompiegnois.fr\/index.php?rest_route=%2Fwp%2Fv2%2Fmedia&parent=11145"}],"wp:term":[{"taxonomy":"category","embeddable":true,"href":"https:\/\/artsmartiauxcompiegnois.fr\/index.php?rest_route=%2Fwp%2Fv2%2Fcategories&post=11145"},{"taxonomy":"post_tag","embeddable":true,"href":"https:\/\/artsmartiauxcompiegnois.fr\/index.php?rest_route=%2Fwp%2Fv2%2Ftags&post=11145"}],"curies":[{"name":"wp","href":"https:\/\/api.w.org\/{rel}","templated":true}]}}