{"id":11393,"date":"2022-10-02T21:30:30","date_gmt":"2022-10-02T19:30:30","guid":{"rendered":"https:\/\/artsmartiauxcompiegnois.fr\/?p=11393"},"modified":"2022-10-03T02:14:04","modified_gmt":"2022-10-03T00:14:04","slug":"regroupement-departemental-de-judo-oise-02-octobre-2022","status":"publish","type":"post","link":"https:\/\/artsmartiauxcompiegnois.fr\/?p=11393","title":{"rendered":"Regroupement D\u00e9partemental de Judo Oise &#8211; 02 octobre 2022"},"content":{"rendered":"<p><a href=\"http:\/\/artsmartiauxcompiegnois.fr\/wp-content\/uploads\/2022\/10\/IMG_4160.jpg\"><img loading=\"lazy\" class=\" wp-image-11396 alignright\" src=\"http:\/\/artsmartiauxcompiegnois.fr\/wp-content\/uploads\/2022\/10\/IMG_4160-300x130.jpg\" alt=\"\" width=\"487\" height=\"211\" srcset=\"https:\/\/artsmartiauxcompiegnois.fr\/wp-content\/uploads\/2022\/10\/IMG_4160-300x130.jpg 300w, https:\/\/artsmartiauxcompiegnois.fr\/wp-content\/uploads\/2022\/10\/IMG_4160-768x332.jpg 768w, https:\/\/artsmartiauxcompiegnois.fr\/wp-content\/uploads\/2022\/10\/IMG_4160-178x77.jpg 178w, https:\/\/artsmartiauxcompiegnois.fr\/wp-content\/uploads\/2022\/10\/IMG_4160.jpg 819w\" sizes=\"(max-width: 487px) 100vw, 487px\" \/><\/a> <a href=\"http:\/\/artsmartiauxcompiegnois.fr\/wp-content\/uploads\/2022\/10\/IMG_2591.jpg\"><img loading=\"lazy\" class=\"wp-image-11395 alignleft\" src=\"http:\/\/artsmartiauxcompiegnois.fr\/wp-content\/uploads\/2022\/10\/IMG_2591-300x179.jpg\" alt=\"\" width=\"339\" height=\"202\" srcset=\"https:\/\/artsmartiauxcompiegnois.fr\/wp-content\/uploads\/2022\/10\/IMG_2591-300x179.jpg 300w, https:\/\/artsmartiauxcompiegnois.fr\/wp-content\/uploads\/2022\/10\/IMG_2591-178x106.jpg 178w, https:\/\/artsmartiauxcompiegnois.fr\/wp-content\/uploads\/2022\/10\/IMG_2591.jpg 581w\" sizes=\"(max-width: 339px) 100vw, 339px\" \/><\/a><\/p>\n<p>Le Club des Arts Martiaux Compi\u00e9gnois a re\u00e7u dimanche 02 octobre 2022, les judokas benjamins et minimes de l&rsquo;Oise venus en nombre, lors du Regroupement D\u00e9partemental de l&rsquo;Oise de Judo.<\/p>\n","protected":false},"excerpt":{"rendered":"<p>Le Club des Arts Martiaux Compi\u00e9gnois a re\u00e7u dimanche 02 octobre 2022, les judokas benjamins et minimes de l&rsquo;Oise venus en nombre, lors du Regroupement D\u00e9partemental de l&rsquo;Oise de Judo.<\/p>\n","protected":false},"author":3,"featured_media":0,"comment_status":"closed","ping_status":"closed","sticky":false,"template":"","format":"standard","meta":[],"categories":[7],"tags":[410],"_links":{"self":[{"href":"https:\/\/artsmartiauxcompiegnois.fr\/index.php?rest_route=\/wp\/v2\/posts\/11393"}],"collection":[{"href":"https:\/\/artsmartiauxcompiegnois.fr\/index.php?rest_route=\/wp\/v2\/posts"}],"about":[{"href":"https:\/\/artsmartiauxcompiegnois.fr\/index.php?rest_route=\/wp\/v2\/types\/post"}],"author":[{"embeddable":true,"href":"https:\/\/artsmartiauxcompiegnois.fr\/index.php?rest_route=\/wp\/v2\/users\/3"}],"replies":[{"embeddable":true,"href":"https:\/\/artsmartiauxcompiegnois.fr\/index.php?rest_route=%2Fwp%2Fv2%2Fcomments&post=11393"}],"version-history":[{"count":3,"href":"https:\/\/artsmartiauxcompiegnois.fr\/index.php?rest_route=\/wp\/v2\/posts\/11393\/revisions"}],"predecessor-version":[{"id":11399,"href":"https:\/\/artsmartiauxcompiegnois.fr\/index.php?rest_route=\/wp\/v2\/posts\/11393\/revisions\/11399"}],"wp:attachment":[{"href":"https:\/\/artsmartiauxcompiegnois.fr\/index.php?rest_route=%2Fwp%2Fv2%2Fmedia&parent=11393"}],"wp:term":[{"taxonomy":"category","embeddable":true,"href":"https:\/\/artsmartiauxcompiegnois.fr\/index.php?rest_route=%2Fwp%2Fv2%2Fcategories&post=11393"},{"taxonomy":"post_tag","embeddable":true,"href":"https:\/\/artsmartiauxcompiegnois.fr\/index.php?rest_route=%2Fwp%2Fv2%2Ftags&post=11393"}],"curies":[{"name":"wp","href":"https:\/\/api.w.org\/{rel}","templated":true}]}}