{"id":11422,"date":"2022-10-09T21:14:16","date_gmt":"2022-10-09T19:14:16","guid":{"rendered":"https:\/\/artsmartiauxcompiegnois.fr\/?p=11422"},"modified":"2022-10-09T21:18:15","modified_gmt":"2022-10-09T19:18:15","slug":"six-de-nos-judokas-ont-participe-au-challenge-judo-a-precy-sur-oise-le-09-octobre-2022","status":"publish","type":"post","link":"https:\/\/artsmartiauxcompiegnois.fr\/?p=11422","title":{"rendered":"Six de nos judokas ont particip\u00e9 au Challenge Judo \u00e0 Pr\u00e9cy sur Oise le 09 octobre 2022"},"content":{"rendered":"<div class=\"xdj266r x11i5rnm xat24cr x1mh8g0r x1vvkbs x126k92a\">\n<h2 dir=\"auto\">Six jeunes judokas 3 Minimes et 3 Benjamins du Club des Arts Martiaux Compi\u00e9gnois ont particip\u00e9 au challenge Judo organis\u00e9 par le Comit\u00e9 D\u00e9partemental de l&rsquo;Oise de Judo, qui s&rsquo;est d\u00e9roul\u00e9 dimanche 09 octobre 2022 \u00e0 Pr\u00e9cy-Sur-Oise.<\/h2>\n<p dir=\"auto\">Le club les f\u00e9licite pour leur engagement et participation aux rencontres de judo, ainsi que Dany Bourguignon, leur enseignant de Judo.<\/p>\n<\/div>\n<div dir=\"auto\"><a href=\"http:\/\/artsmartiauxcompiegnois.fr\/wp-content\/uploads\/2022\/10\/Challenge_09-10-22_1.jpg\"><img loading=\"lazy\" class=\"size-medium wp-image-11423 alignleft\" src=\"http:\/\/artsmartiauxcompiegnois.fr\/wp-content\/uploads\/2022\/10\/Challenge_09-10-22_1-225x300.jpg\" alt=\"\" width=\"225\" height=\"300\" srcset=\"https:\/\/artsmartiauxcompiegnois.fr\/wp-content\/uploads\/2022\/10\/Challenge_09-10-22_1-225x300.jpg 225w, https:\/\/artsmartiauxcompiegnois.fr\/wp-content\/uploads\/2022\/10\/Challenge_09-10-22_1-768x1024.jpg 768w, https:\/\/artsmartiauxcompiegnois.fr\/wp-content\/uploads\/2022\/10\/Challenge_09-10-22_1-1152x1536.jpg 1152w, https:\/\/artsmartiauxcompiegnois.fr\/wp-content\/uploads\/2022\/10\/Challenge_09-10-22_1-134x178.jpg 134w, https:\/\/artsmartiauxcompiegnois.fr\/wp-content\/uploads\/2022\/10\/Challenge_09-10-22_1.jpg 1536w\" sizes=\"(max-width: 225px) 100vw, 225px\" \/><\/a> <a href=\"http:\/\/artsmartiauxcompiegnois.fr\/wp-content\/uploads\/2022\/10\/Challenge_09-10-22_6.jpg\"><img loading=\"lazy\" class=\"size-medium wp-image-11428 alignleft\" src=\"http:\/\/artsmartiauxcompiegnois.fr\/wp-content\/uploads\/2022\/10\/Challenge_09-10-22_6-225x300.jpg\" alt=\"\" width=\"225\" height=\"300\" srcset=\"https:\/\/artsmartiauxcompiegnois.fr\/wp-content\/uploads\/2022\/10\/Challenge_09-10-22_6-225x300.jpg 225w, https:\/\/artsmartiauxcompiegnois.fr\/wp-content\/uploads\/2022\/10\/Challenge_09-10-22_6-134x178.jpg 134w, https:\/\/artsmartiauxcompiegnois.fr\/wp-content\/uploads\/2022\/10\/Challenge_09-10-22_6.jpg 720w\" sizes=\"(max-width: 225px) 100vw, 225px\" \/><\/a><img loading=\"lazy\" class=\" wp-image-11424 alignnone\" src=\"http:\/\/artsmartiauxcompiegnois.fr\/wp-content\/uploads\/2022\/10\/Challenge_09-10-22_2-300x169.jpg\" alt=\"\" width=\"398\" height=\"224\" srcset=\"https:\/\/artsmartiauxcompiegnois.fr\/wp-content\/uploads\/2022\/10\/Challenge_09-10-22_2-300x169.jpg 300w, https:\/\/artsmartiauxcompiegnois.fr\/wp-content\/uploads\/2022\/10\/Challenge_09-10-22_2-1024x576.jpg 1024w, https:\/\/artsmartiauxcompiegnois.fr\/wp-content\/uploads\/2022\/10\/Challenge_09-10-22_2-768x432.jpg 768w, https:\/\/artsmartiauxcompiegnois.fr\/wp-content\/uploads\/2022\/10\/Challenge_09-10-22_2-178x100.jpg 178w, https:\/\/artsmartiauxcompiegnois.fr\/wp-content\/uploads\/2022\/10\/Challenge_09-10-22_2.jpg 1280w\" sizes=\"(max-width: 398px) 100vw, 398px\" \/> <a href=\"http:\/\/artsmartiauxcompiegnois.fr\/wp-content\/uploads\/2022\/10\/Challenge_09-10-22_3.jpg\"><img loading=\"lazy\" class=\"size-medium wp-image-11425 alignnone\" src=\"http:\/\/artsmartiauxcompiegnois.fr\/wp-content\/uploads\/2022\/10\/Challenge_09-10-22_3-300x225.jpg\" alt=\"\" width=\"300\" height=\"225\" srcset=\"https:\/\/artsmartiauxcompiegnois.fr\/wp-content\/uploads\/2022\/10\/Challenge_09-10-22_3-300x225.jpg 300w, https:\/\/artsmartiauxcompiegnois.fr\/wp-content\/uploads\/2022\/10\/Challenge_09-10-22_3-1024x768.jpg 1024w, https:\/\/artsmartiauxcompiegnois.fr\/wp-content\/uploads\/2022\/10\/Challenge_09-10-22_3-768x576.jpg 768w, https:\/\/artsmartiauxcompiegnois.fr\/wp-content\/uploads\/2022\/10\/Challenge_09-10-22_3-1536x1152.jpg 1536w, https:\/\/artsmartiauxcompiegnois.fr\/wp-content\/uploads\/2022\/10\/Challenge_09-10-22_3-178x134.jpg 178w, https:\/\/artsmartiauxcompiegnois.fr\/wp-content\/uploads\/2022\/10\/Challenge_09-10-22_3.jpg 2048w\" sizes=\"(max-width: 300px) 100vw, 300px\" \/><\/a><a href=\"http:\/\/artsmartiauxcompiegnois.fr\/wp-content\/uploads\/2022\/10\/Challenge_09-10-22_7.jpg\"><img loading=\"lazy\" class=\"size-medium wp-image-11429 alignright\" src=\"http:\/\/artsmartiauxcompiegnois.fr\/wp-content\/uploads\/2022\/10\/Challenge_09-10-22_7-225x300.jpg\" alt=\"\" width=\"225\" height=\"300\" srcset=\"https:\/\/artsmartiauxcompiegnois.fr\/wp-content\/uploads\/2022\/10\/Challenge_09-10-22_7-225x300.jpg 225w, https:\/\/artsmartiauxcompiegnois.fr\/wp-content\/uploads\/2022\/10\/Challenge_09-10-22_7-134x178.jpg 134w, https:\/\/artsmartiauxcompiegnois.fr\/wp-content\/uploads\/2022\/10\/Challenge_09-10-22_7.jpg 720w\" sizes=\"(max-width: 225px) 100vw, 225px\" \/><\/a><\/div>\n<div class=\"x11i5rnm xat24cr x1mh8g0r x1vvkbs xtlvy1s x126k92a\">\n<h2 dir=\"auto\"><\/h2>\n<h2 dir=\"auto\"><\/h2>\n<h2 dir=\"auto\">En cat\u00e9gorie Minime :<\/h2>\n<ul>\n<li dir=\"auto\">In\u00e8s El Kirat malgr\u00e9 sa participation active n&rsquo;atteint pas le Podium en cat\u00e9gorie des moins de 48kg ;<\/li>\n<li dir=\"auto\">Shadine Tantane est mont\u00e9e sur la troisi\u00e8me marche du Podium en cat\u00e9gorie des moins de 63kg ;<\/li>\n<li dir=\"auto\">Arthur Gourdin s&rsquo;est class\u00e9 second en cat\u00e9gorie des moins de 50 kg ;<\/li>\n<\/ul>\n<\/div>\n<div class=\"x11i5rnm xat24cr x1mh8g0r x1vvkbs xtlvy1s x126k92a\">\n<h2 dir=\"auto\">Benjamins :<\/h2>\n<ul>\n<li dir=\"auto\">Ishaq Brida occupe la troisi\u00e8me marche du Podium parmi les moins de 55 kg ;<\/li>\n<li dir=\"auto\">\u00c9lina Mapote\u00a0 monte \u00e9galement sur la troisi\u00e8me place dans la cat\u00e9gorie de moins de 48 kg ;<\/li>\n<li dir=\"auto\">Rose Boulefroy se hisse sur la deuxi\u00e8me marche du Podium dans la cat\u00e9gorie des moins de36 kg.<\/li>\n<\/ul>\n<\/div>\n<div dir=\"auto\"><a href=\"http:\/\/artsmartiauxcompiegnois.fr\/wp-content\/uploads\/2022\/10\/Challenge_09-10-22_5.jpg\"><img loading=\"lazy\" class=\"size-medium wp-image-11427 alignright\" src=\"http:\/\/artsmartiauxcompiegnois.fr\/wp-content\/uploads\/2022\/10\/Challenge_09-10-22_5-225x300.jpg\" alt=\"\" width=\"225\" height=\"300\" srcset=\"https:\/\/artsmartiauxcompiegnois.fr\/wp-content\/uploads\/2022\/10\/Challenge_09-10-22_5-225x300.jpg 225w, https:\/\/artsmartiauxcompiegnois.fr\/wp-content\/uploads\/2022\/10\/Challenge_09-10-22_5-768x1024.jpg 768w, https:\/\/artsmartiauxcompiegnois.fr\/wp-content\/uploads\/2022\/10\/Challenge_09-10-22_5-1152x1536.jpg 1152w, https:\/\/artsmartiauxcompiegnois.fr\/wp-content\/uploads\/2022\/10\/Challenge_09-10-22_5-134x178.jpg 134w, https:\/\/artsmartiauxcompiegnois.fr\/wp-content\/uploads\/2022\/10\/Challenge_09-10-22_5.jpg 1536w\" sizes=\"(max-width: 225px) 100vw, 225px\" \/><\/a>Nous sommes fiers de vous !<\/div>\n<div dir=\"auto\"><a href=\"http:\/\/artsmartiauxcompiegnois.fr\/wp-content\/uploads\/2022\/10\/Challenge_09-10-22_8.jpg\"><img loading=\"lazy\" class=\"size-medium wp-image-11430 aligncenter\" src=\"http:\/\/artsmartiauxcompiegnois.fr\/wp-content\/uploads\/2022\/10\/Challenge_09-10-22_8-225x300.jpg\" alt=\"\" width=\"225\" height=\"300\" srcset=\"https:\/\/artsmartiauxcompiegnois.fr\/wp-content\/uploads\/2022\/10\/Challenge_09-10-22_8-225x300.jpg 225w, https:\/\/artsmartiauxcompiegnois.fr\/wp-content\/uploads\/2022\/10\/Challenge_09-10-22_8-768x1024.jpg 768w, https:\/\/artsmartiauxcompiegnois.fr\/wp-content\/uploads\/2022\/10\/Challenge_09-10-22_8-1152x1536.jpg 1152w, https:\/\/artsmartiauxcompiegnois.fr\/wp-content\/uploads\/2022\/10\/Challenge_09-10-22_8-134x178.jpg 134w, https:\/\/artsmartiauxcompiegnois.fr\/wp-content\/uploads\/2022\/10\/Challenge_09-10-22_8.jpg 1536w\" sizes=\"(max-width: 225px) 100vw, 225px\" \/><\/a><\/div>\n","protected":false},"excerpt":{"rendered":"<p>Six jeunes judokas 3 Minimes et 3 Benjamins du Club des Arts Martiaux Compi\u00e9gnois ont particip\u00e9 au challenge Judo organis\u00e9 par le Comit\u00e9 D\u00e9partemental de l&rsquo;Oise de Judo, qui s&rsquo;est d\u00e9roul\u00e9 dimanche 09 octobre 2022 \u00e0 Pr\u00e9cy-Sur-Oise. Le club les f\u00e9licite pour leur engagement et participation aux rencontres de judo, ainsi que Dany Bourguignon, leur [&hellip;]<\/p>\n","protected":false},"author":3,"featured_media":0,"comment_status":"closed","ping_status":"closed","sticky":false,"template":"","format":"standard","meta":[],"categories":[7],"tags":[408,157],"_links":{"self":[{"href":"https:\/\/artsmartiauxcompiegnois.fr\/index.php?rest_route=\/wp\/v2\/posts\/11422"}],"collection":[{"href":"https:\/\/artsmartiauxcompiegnois.fr\/index.php?rest_route=\/wp\/v2\/posts"}],"about":[{"href":"https:\/\/artsmartiauxcompiegnois.fr\/index.php?rest_route=\/wp\/v2\/types\/post"}],"author":[{"embeddable":true,"href":"https:\/\/artsmartiauxcompiegnois.fr\/index.php?rest_route=\/wp\/v2\/users\/3"}],"replies":[{"embeddable":true,"href":"https:\/\/artsmartiauxcompiegnois.fr\/index.php?rest_route=%2Fwp%2Fv2%2Fcomments&post=11422"}],"version-history":[{"count":3,"href":"https:\/\/artsmartiauxcompiegnois.fr\/index.php?rest_route=\/wp\/v2\/posts\/11422\/revisions"}],"predecessor-version":[{"id":11433,"href":"https:\/\/artsmartiauxcompiegnois.fr\/index.php?rest_route=\/wp\/v2\/posts\/11422\/revisions\/11433"}],"wp:attachment":[{"href":"https:\/\/artsmartiauxcompiegnois.fr\/index.php?rest_route=%2Fwp%2Fv2%2Fmedia&parent=11422"}],"wp:term":[{"taxonomy":"category","embeddable":true,"href":"https:\/\/artsmartiauxcompiegnois.fr\/index.php?rest_route=%2Fwp%2Fv2%2Fcategories&post=11422"},{"taxonomy":"post_tag","embeddable":true,"href":"https:\/\/artsmartiauxcompiegnois.fr\/index.php?rest_route=%2Fwp%2Fv2%2Ftags&post=11422"}],"curies":[{"name":"wp","href":"https:\/\/api.w.org\/{rel}","templated":true}]}}