{"id":11434,"date":"2022-10-09T21:29:52","date_gmt":"2022-10-09T19:29:52","guid":{"rendered":"https:\/\/artsmartiauxcompiegnois.fr\/?p=11434"},"modified":"2022-10-09T21:29:52","modified_gmt":"2022-10-09T19:29:52","slug":"deux-jeunes-arbitres-du-club-des-arts-martiaux-participent-a-larbitrage-de-la-coupe-de-picardie-karate","status":"publish","type":"post","link":"https:\/\/artsmartiauxcompiegnois.fr\/?p=11434","title":{"rendered":"Deux jeunes arbitres du Club des Arts Martiaux participent \u00e0 l&rsquo;arbitrage de la Coupe de Picardie Karat\u00e9"},"content":{"rendered":"<p>Isra et Yusra, deux de nos karat\u00e9kas et par ailleurs arbitres, ont particip\u00e9 \u00e0 l\u2019arbitrage de la coupe de Picardie de Karat\u00e9 Kata &#8211; Combats, qui s&rsquo;est d\u00e9roul\u00e9e dimanche 9 octobre 2022 \u00e0 Ham.<\/p>\n<p>&nbsp;<\/p>\n<p>Nous les f\u00e9licitons pour leur engagement sportif, et leur repr\u00e9sentation du Club dans les comp\u00e9titions.<\/p>\n<p>&nbsp;<\/p>\n","protected":false},"excerpt":{"rendered":"<p>Isra et Yusra, deux de nos karat\u00e9kas et par ailleurs arbitres, ont particip\u00e9 \u00e0 l\u2019arbitrage de la coupe de Picardie de Karat\u00e9 Kata &#8211; Combats, qui s&rsquo;est d\u00e9roul\u00e9e dimanche 9 octobre 2022 \u00e0 Ham. &nbsp; Nous les f\u00e9licitons pour leur engagement sportif, et leur repr\u00e9sentation du Club dans les comp\u00e9titions. &nbsp;<\/p>\n","protected":false},"author":3,"featured_media":11435,"comment_status":"closed","ping_status":"closed","sticky":false,"template":"","format":"standard","meta":[],"categories":[7],"tags":[415,330,55],"_links":{"self":[{"href":"https:\/\/artsmartiauxcompiegnois.fr\/index.php?rest_route=\/wp\/v2\/posts\/11434"}],"collection":[{"href":"https:\/\/artsmartiauxcompiegnois.fr\/index.php?rest_route=\/wp\/v2\/posts"}],"about":[{"href":"https:\/\/artsmartiauxcompiegnois.fr\/index.php?rest_route=\/wp\/v2\/types\/post"}],"author":[{"embeddable":true,"href":"https:\/\/artsmartiauxcompiegnois.fr\/index.php?rest_route=\/wp\/v2\/users\/3"}],"replies":[{"embeddable":true,"href":"https:\/\/artsmartiauxcompiegnois.fr\/index.php?rest_route=%2Fwp%2Fv2%2Fcomments&post=11434"}],"version-history":[{"count":1,"href":"https:\/\/artsmartiauxcompiegnois.fr\/index.php?rest_route=\/wp\/v2\/posts\/11434\/revisions"}],"predecessor-version":[{"id":11436,"href":"https:\/\/artsmartiauxcompiegnois.fr\/index.php?rest_route=\/wp\/v2\/posts\/11434\/revisions\/11436"}],"wp:featuredmedia":[{"embeddable":true,"href":"https:\/\/artsmartiauxcompiegnois.fr\/index.php?rest_route=\/wp\/v2\/media\/11435"}],"wp:attachment":[{"href":"https:\/\/artsmartiauxcompiegnois.fr\/index.php?rest_route=%2Fwp%2Fv2%2Fmedia&parent=11434"}],"wp:term":[{"taxonomy":"category","embeddable":true,"href":"https:\/\/artsmartiauxcompiegnois.fr\/index.php?rest_route=%2Fwp%2Fv2%2Fcategories&post=11434"},{"taxonomy":"post_tag","embeddable":true,"href":"https:\/\/artsmartiauxcompiegnois.fr\/index.php?rest_route=%2Fwp%2Fv2%2Ftags&post=11434"}],"curies":[{"name":"wp","href":"https:\/\/api.w.org\/{rel}","templated":true}]}}