{"id":11582,"date":"2023-01-28T18:39:14","date_gmt":"2023-01-28T16:39:14","guid":{"rendered":"https:\/\/artsmartiauxcompiegnois.fr\/?p=11582"},"modified":"2023-01-28T19:09:26","modified_gmt":"2023-01-28T17:09:26","slug":"assemblee-generale-annuelle-des-adherents-28-janvier-2023","status":"publish","type":"post","link":"https:\/\/artsmartiauxcompiegnois.fr\/?p=11582","title":{"rendered":"Assembl\u00e9e G\u00e9n\u00e9rale annuelle des adh\u00e9rents &#8211; 28 janvier 2023"},"content":{"rendered":"<p>Le Club a tenu son Assembl\u00e9e G\u00e9n\u00e9rale annuelle, samedi 28 janvier 2023, \u00e0 14h00.<\/p>\n<div dir=\"auto\">L\u00b4Osarc \u00e9tait repr\u00e9sent\u00e9 par son Vice-Pr\u00e9sident Jean-Marie Bouch\u00e9, Denos Breton Tr\u00e9sorier Adjoint et Claude Perdrix menbre du Comit\u00e9 Directeur de l&rsquo;Osarc.<\/div>\n<div dir=\"auto\">Monsieur Alou Bagayoukou, Conseiller Municipal, y \u00e9tait mandat\u00e9 par Monsieur Marini, Maire de Compiegne.<\/div>\n<p>Le Pr\u00e9sident Bahmed a pr\u00e9sent\u00e9 le bilan moral du Club, celui des activit\u00e9s sportives du Club, ainsi que les \u00e9v\u00e9nements accueillis par le Club.<\/p>\n<p>Monsieur Roussel, Expert Comptable a expos\u00e9 et comment\u00e9 les comptes du Club pour l&rsquo;exercice \u00e9coul\u00e9.<\/p>\n<p>Apr\u00e8s avoir r\u00e9pondu aux questions diverses, le Pr\u00e9sident Bahmed a donc clotur\u00e9 cette r\u00e9union, et invit\u00e9 les personnes pr\u00e9sentes, \u00e0 partager le verre de l&rsquo;amiti\u00e9 offert par le Club.<\/p>\n<p><a href=\"http:\/\/artsmartiauxcompiegnois.fr\/wp-content\/uploads\/2023\/01\/IMG_29361-scaled.jpg\"><img loading=\"lazy\" class=\"alignnone wp-image-11583\" src=\"http:\/\/artsmartiauxcompiegnois.fr\/wp-content\/uploads\/2023\/01\/IMG_29361-300x225.jpg\" alt=\"\" width=\"439\" height=\"329\" srcset=\"https:\/\/artsmartiauxcompiegnois.fr\/wp-content\/uploads\/2023\/01\/IMG_29361-300x225.jpg 300w, https:\/\/artsmartiauxcompiegnois.fr\/wp-content\/uploads\/2023\/01\/IMG_29361-1024x768.jpg 1024w, https:\/\/artsmartiauxcompiegnois.fr\/wp-content\/uploads\/2023\/01\/IMG_29361-768x576.jpg 768w, https:\/\/artsmartiauxcompiegnois.fr\/wp-content\/uploads\/2023\/01\/IMG_29361-1536x1152.jpg 1536w, https:\/\/artsmartiauxcompiegnois.fr\/wp-content\/uploads\/2023\/01\/IMG_29361-2048x1536.jpg 2048w, https:\/\/artsmartiauxcompiegnois.fr\/wp-content\/uploads\/2023\/01\/IMG_29361-178x134.jpg 178w\" sizes=\"(max-width: 439px) 100vw, 439px\" \/> <\/a><\/p>\n<p><a href=\"http:\/\/artsmartiauxcompiegnois.fr\/wp-content\/uploads\/2023\/01\/IMG_29441-scaled.jpg\"><img loading=\"lazy\" class=\"wp-image-11586 alignright\" src=\"http:\/\/artsmartiauxcompiegnois.fr\/wp-content\/uploads\/2023\/01\/IMG_29441-300x225.jpg\" alt=\"\" width=\"428\" height=\"321\" srcset=\"https:\/\/artsmartiauxcompiegnois.fr\/wp-content\/uploads\/2023\/01\/IMG_29441-300x225.jpg 300w, https:\/\/artsmartiauxcompiegnois.fr\/wp-content\/uploads\/2023\/01\/IMG_29441-1024x768.jpg 1024w, https:\/\/artsmartiauxcompiegnois.fr\/wp-content\/uploads\/2023\/01\/IMG_29441-768x576.jpg 768w, https:\/\/artsmartiauxcompiegnois.fr\/wp-content\/uploads\/2023\/01\/IMG_29441-1536x1152.jpg 1536w, https:\/\/artsmartiauxcompiegnois.fr\/wp-content\/uploads\/2023\/01\/IMG_29441-2048x1536.jpg 2048w, https:\/\/artsmartiauxcompiegnois.fr\/wp-content\/uploads\/2023\/01\/IMG_29441-178x134.jpg 178w\" sizes=\"(max-width: 428px) 100vw, 428px\" \/><\/a> <a href=\"http:\/\/artsmartiauxcompiegnois.fr\/wp-content\/uploads\/2023\/01\/IMG_29291-scaled.jpg\"><img loading=\"lazy\" class=\"wp-image-11584 alignleft\" src=\"http:\/\/artsmartiauxcompiegnois.fr\/wp-content\/uploads\/2023\/01\/IMG_29291-300x225.jpg\" alt=\"\" width=\"404\" height=\"303\" srcset=\"https:\/\/artsmartiauxcompiegnois.fr\/wp-content\/uploads\/2023\/01\/IMG_29291-300x225.jpg 300w, https:\/\/artsmartiauxcompiegnois.fr\/wp-content\/uploads\/2023\/01\/IMG_29291-1024x768.jpg 1024w, https:\/\/artsmartiauxcompiegnois.fr\/wp-content\/uploads\/2023\/01\/IMG_29291-768x576.jpg 768w, https:\/\/artsmartiauxcompiegnois.fr\/wp-content\/uploads\/2023\/01\/IMG_29291-1536x1152.jpg 1536w, https:\/\/artsmartiauxcompiegnois.fr\/wp-content\/uploads\/2023\/01\/IMG_29291-2048x1536.jpg 2048w, https:\/\/artsmartiauxcompiegnois.fr\/wp-content\/uploads\/2023\/01\/IMG_29291-178x134.jpg 178w\" sizes=\"(max-width: 404px) 100vw, 404px\" \/><\/a><\/p>\n","protected":false},"excerpt":{"rendered":"<p>Le Club a tenu son Assembl\u00e9e G\u00e9n\u00e9rale annuelle, samedi 28 janvier 2023, \u00e0 14h00. L\u00b4Osarc \u00e9tait repr\u00e9sent\u00e9 par son Vice-Pr\u00e9sident Jean-Marie Bouch\u00e9, Denos Breton Tr\u00e9sorier Adjoint et Claude Perdrix menbre du Comit\u00e9 Directeur de l&rsquo;Osarc. Monsieur Alou Bagayoukou, Conseiller Municipal, y \u00e9tait mandat\u00e9 par Monsieur Marini, Maire de Compiegne. Le Pr\u00e9sident Bahmed a pr\u00e9sent\u00e9 le [&hellip;]<\/p>\n","protected":false},"author":3,"featured_media":11584,"comment_status":"closed","ping_status":"closed","sticky":false,"template":"","format":"standard","meta":[],"categories":[7],"tags":[],"_links":{"self":[{"href":"https:\/\/artsmartiauxcompiegnois.fr\/index.php?rest_route=\/wp\/v2\/posts\/11582"}],"collection":[{"href":"https:\/\/artsmartiauxcompiegnois.fr\/index.php?rest_route=\/wp\/v2\/posts"}],"about":[{"href":"https:\/\/artsmartiauxcompiegnois.fr\/index.php?rest_route=\/wp\/v2\/types\/post"}],"author":[{"embeddable":true,"href":"https:\/\/artsmartiauxcompiegnois.fr\/index.php?rest_route=\/wp\/v2\/users\/3"}],"replies":[{"embeddable":true,"href":"https:\/\/artsmartiauxcompiegnois.fr\/index.php?rest_route=%2Fwp%2Fv2%2Fcomments&post=11582"}],"version-history":[{"count":4,"href":"https:\/\/artsmartiauxcompiegnois.fr\/index.php?rest_route=\/wp\/v2\/posts\/11582\/revisions"}],"predecessor-version":[{"id":11592,"href":"https:\/\/artsmartiauxcompiegnois.fr\/index.php?rest_route=\/wp\/v2\/posts\/11582\/revisions\/11592"}],"wp:featuredmedia":[{"embeddable":true,"href":"https:\/\/artsmartiauxcompiegnois.fr\/index.php?rest_route=\/wp\/v2\/media\/11584"}],"wp:attachment":[{"href":"https:\/\/artsmartiauxcompiegnois.fr\/index.php?rest_route=%2Fwp%2Fv2%2Fmedia&parent=11582"}],"wp:term":[{"taxonomy":"category","embeddable":true,"href":"https:\/\/artsmartiauxcompiegnois.fr\/index.php?rest_route=%2Fwp%2Fv2%2Fcategories&post=11582"},{"taxonomy":"post_tag","embeddable":true,"href":"https:\/\/artsmartiauxcompiegnois.fr\/index.php?rest_route=%2Fwp%2Fv2%2Ftags&post=11582"}],"curies":[{"name":"wp","href":"https:\/\/api.w.org\/{rel}","templated":true}]}}