{"id":11593,"date":"2023-01-29T22:22:58","date_gmt":"2023-01-29T20:22:58","guid":{"rendered":"https:\/\/artsmartiauxcompiegnois.fr\/?p=11593"},"modified":"2023-01-29T22:23:50","modified_gmt":"2023-01-29T20:23:50","slug":"championnat-de-picardie-karate-kata-29-janvier-2023","status":"publish","type":"post","link":"https:\/\/artsmartiauxcompiegnois.fr\/?p=11593","title":{"rendered":"Championnat de Picardie &#8211; Karat\u00e9 Kata &#8211; 29 janvier 2023"},"content":{"rendered":"<p>Dimanche 29 janvuer 2023, \u00e0 Chauny, s&rsquo;est d\u00e9roul\u00e9 le Championnat de Pocartde de Karat\u00e9 Kata.<\/p>\n<p>Isra Bahmed y est all\u00e9e repr\u00e9senter le Club des Arts Martiaux Compi\u00e9gnois, et a gravi la deuxi\u00e8me marche du Podium, en remportant ainsi le titre de Vice-Championne de Picardie de Katat\u00e9 Kata .<\/p>\n<p>Isra s&rsquo;est ainsi qualifi\u00e9e pour le Championnat R\u00e9gional des Hauts ded France<\/p>\n<p>Isra, ton enseignant, et le Club, nous sommes tr\u00e8s fiers de toi !<\/p>\n<p><a href=\"http:\/\/artsmartiauxcompiegnois.fr\/wp-content\/uploads\/2023\/01\/IMG_51691.jpg\"><img loading=\"lazy\" class=\"alignnone wp-image-11594\" src=\"http:\/\/artsmartiauxcompiegnois.fr\/wp-content\/uploads\/2023\/01\/IMG_51691-229x300.jpg\" alt=\"\" width=\"348\" height=\"456\" srcset=\"https:\/\/artsmartiauxcompiegnois.fr\/wp-content\/uploads\/2023\/01\/IMG_51691-229x300.jpg 229w, https:\/\/artsmartiauxcompiegnois.fr\/wp-content\/uploads\/2023\/01\/IMG_51691-136x178.jpg 136w, https:\/\/artsmartiauxcompiegnois.fr\/wp-content\/uploads\/2023\/01\/IMG_51691.jpg 750w\" sizes=\"(max-width: 348px) 100vw, 348px\" \/><\/a><\/p>\n","protected":false},"excerpt":{"rendered":"<p>Dimanche 29 janvuer 2023, \u00e0 Chauny, s&rsquo;est d\u00e9roul\u00e9 le Championnat de Pocartde de Karat\u00e9 Kata. Isra Bahmed y est all\u00e9e repr\u00e9senter le Club des Arts Martiaux Compi\u00e9gnois, et a gravi la deuxi\u00e8me marche du Podium, en remportant ainsi le titre de Vice-Championne de Picardie de Katat\u00e9 Kata . Isra s&rsquo;est ainsi qualifi\u00e9e pour le Championnat [&hellip;]<\/p>\n","protected":false},"author":3,"featured_media":0,"comment_status":"closed","ping_status":"closed","sticky":false,"template":"","format":"standard","meta":[],"categories":[7],"tags":[],"_links":{"self":[{"href":"https:\/\/artsmartiauxcompiegnois.fr\/index.php?rest_route=\/wp\/v2\/posts\/11593"}],"collection":[{"href":"https:\/\/artsmartiauxcompiegnois.fr\/index.php?rest_route=\/wp\/v2\/posts"}],"about":[{"href":"https:\/\/artsmartiauxcompiegnois.fr\/index.php?rest_route=\/wp\/v2\/types\/post"}],"author":[{"embeddable":true,"href":"https:\/\/artsmartiauxcompiegnois.fr\/index.php?rest_route=\/wp\/v2\/users\/3"}],"replies":[{"embeddable":true,"href":"https:\/\/artsmartiauxcompiegnois.fr\/index.php?rest_route=%2Fwp%2Fv2%2Fcomments&post=11593"}],"version-history":[{"count":2,"href":"https:\/\/artsmartiauxcompiegnois.fr\/index.php?rest_route=\/wp\/v2\/posts\/11593\/revisions"}],"predecessor-version":[{"id":11596,"href":"https:\/\/artsmartiauxcompiegnois.fr\/index.php?rest_route=\/wp\/v2\/posts\/11593\/revisions\/11596"}],"wp:attachment":[{"href":"https:\/\/artsmartiauxcompiegnois.fr\/index.php?rest_route=%2Fwp%2Fv2%2Fmedia&parent=11593"}],"wp:term":[{"taxonomy":"category","embeddable":true,"href":"https:\/\/artsmartiauxcompiegnois.fr\/index.php?rest_route=%2Fwp%2Fv2%2Fcategories&post=11593"},{"taxonomy":"post_tag","embeddable":true,"href":"https:\/\/artsmartiauxcompiegnois.fr\/index.php?rest_route=%2Fwp%2Fv2%2Ftags&post=11593"}],"curies":[{"name":"wp","href":"https:\/\/api.w.org\/{rel}","templated":true}]}}