{"id":11598,"date":"2023-02-05T22:26:24","date_gmt":"2023-02-05T20:26:24","guid":{"rendered":"https:\/\/artsmartiauxcompiegnois.fr\/?p=11598"},"modified":"2023-02-05T22:29:46","modified_gmt":"2023-02-05T20:29:46","slug":"tournois-de-judo-le-week-end-des-4-et-5-fevrier-2023","status":"publish","type":"post","link":"https:\/\/artsmartiauxcompiegnois.fr\/?p=11598","title":{"rendered":"Tournois de judo le week-end des 4 et 5 f\u00e9vrier 2023"},"content":{"rendered":"<div class=\"x11i5rnm xat24cr x1mh8g0r x1vvkbs xdj266r x126k92a\">\n<div dir=\"auto\">Au cours du week-end des 04 et 05 f\u00e9vrier 2023, les judokas du Club ont dignement repr\u00e9sent\u00e9 les Arts Martiaux Compi\u00e9gnois aux diff\u00e9rents tournois :<\/div>\n<div dir=\"auto\"><\/div>\n<\/div>\n<div class=\"x11i5rnm xat24cr x1mh8g0r x1vvkbs xtlvy1s x126k92a\">\n<div dir=\"auto\" style=\"text-align: center;\"><strong><em>INTERCLUBS DE MAIGNELAY-MONTIGNY<\/em><\/strong><\/div>\n<div dir=\"auto\"><\/div>\n<\/div>\n<div class=\"x11i5rnm xat24cr x1mh8g0r x1vvkbs xtlvy1s x126k92a\">\n<div dir=\"auto\"><strong>Cat\u00e9gorie Pr\u00e9-Poussins<\/strong><\/div>\n<div dir=\"auto\">Kais Lagoune se classe 2\u00e8me,<\/div>\n<div dir=\"auto\">Lyam Messence termine lui aussi 2\u00e8me<\/div>\n<div dir=\"auto\"><\/div>\n<\/div>\n<div class=\"x11i5rnm xat24cr x1mh8g0r x1vvkbs xtlvy1s x126k92a\">\n<div dir=\"auto\"><strong>Cat\u00e9gorie Poussins<\/strong><\/div>\n<div dir=\"auto\">Nayel Mapote acc\u00e8de \u00e0 la premi\u00e8re marche du podium<\/div>\n<div dir=\"auto\"><\/div>\n<\/div>\n<div class=\"x11i5rnm xat24cr x1mh8g0r x1vvkbs xtlvy1s x126k92a\">\n<div dir=\"auto\"><strong>Cat\u00e9gorie Benjamins<\/strong><\/div>\n<div dir=\"auto\">Rose Boulefroy termine 2\u00e8me,<\/div>\n<div dir=\"auto\">Alix D&rsquo;haussy se classe 1\u00e8re<\/div>\n<div dir=\"auto\">Elina Mapote monte sur la premi\u00e8re marche du podium<\/div>\n<div dir=\"auto\"><\/div>\n<\/div>\n<div class=\"x11i5rnm xat24cr x1mh8g0r x1vvkbs xtlvy1s x126k92a\">\n<div dir=\"auto\"><strong>Cat\u00e9gorie Minimes<\/strong><\/div>\n<div dir=\"auto\">Alban Auclair termine 3\u00e8me<\/div>\n<div dir=\"auto\">Shadine Ranrane acc\u00e8de \u00e0 la 1\u00e8re place<\/div>\n<div dir=\"auto\">Moussa monte sur la plus haute marche du podium<\/div>\n<div dir=\"auto\">Arthur Gourdin acc\u00e8de lui aussi \u00e0 la 1\u00e8re marche<\/div>\n<div dir=\"auto\"><\/div>\n<\/div>\n<div class=\"x11i5rnm xat24cr x1mh8g0r x1vvkbs xtlvy1s x126k92a\">\n<div dir=\"auto\"><strong>Cat\u00e9gorie Cadets<\/strong><\/div>\n<div dir=\"auto\">Romain Martins termine 1er<\/div>\n<div dir=\"auto\"><\/div>\n<\/div>\n<div class=\"x11i5rnm xat24cr x1mh8g0r x1vvkbs xtlvy1s x126k92a\">\n<div dir=\"auto\"><strong>Cat\u00e9gorie S\u00e9niors<\/strong><\/div>\n<div dir=\"auto\">Quentin Rouillard se classe 3\u00e8me<\/div>\n<div dir=\"auto\"><\/div>\n<\/div>\n<div class=\"x11i5rnm xat24cr x1mh8g0r x1vvkbs xtlvy1s x126k92a\">\n<div dir=\"auto\">Nous les f\u00e9licitons vivement, remercions les parents qui ont accompagn\u00e9 et soutenus nos judokas, sans oublier Dany Bourguignon leur enseignant qui les a coach\u00e9s lors de ce tournoi.<\/div>\n<\/div>\n<div dir=\"auto\"><\/div>\n<div class=\"x11i5rnm xat24cr x1mh8g0r x1vvkbs xtlvy1s x126k92a\">\n<div dir=\"auto\" style=\"text-align: center;\">&#8212;&#8212;&#8212;&#8212;&#8212;&#8212;&#8212;&#8212;&#8212;&#8212;&#8212;&#8212;&#8212;&#8212;&#8212;&#8212;&#8212;&#8212;&#8212;&#8212;&#8212;&#8212;&#8212;&#8211;<\/div>\n<div dir=\"auto\"><\/div>\n<\/div>\n<div class=\"x11i5rnm xat24cr x1mh8g0r x1vvkbs xtlvy1s x126k92a\">\n<div dir=\"auto\" style=\"text-align: center;\"><em><strong>TOURNOI DE JUDO A RIBECOURT-DRESLINCOURT<\/strong><\/em><\/div>\n<\/div>\n<div class=\"x11i5rnm xat24cr x1mh8g0r x1vvkbs xtlvy1s x126k92a\">\n<div dir=\"auto\"><strong>Cat\u00e9gorie Pr\u00e9-Poussins<\/strong><\/div>\n<div dir=\"auto\">William monte sur la plus haute marche du podium,<\/div>\n<div dir=\"auto\">L\u00e9on acc\u00e8de \u00e0 la 3\u00e8me marche<\/div>\n<div dir=\"auto\">Adam se classe 2\u00e8me,<\/div>\n<div dir=\"auto\">Enes termine 2\u00e8me<\/div>\n<div dir=\"auto\">Ilyas acc\u00e8de lui aussi \u00e0 la 2\u00e8me marche du podium<\/div>\n<div dir=\"auto\">Lyam monte sur la 2\u00e8me marche,<\/div>\n<div dir=\"auto\">Kays termine 2\u00e8me<\/div>\n<div dir=\"auto\">Charly termine 3\u00e8me<\/div>\n<div dir=\"auto\">Serine acc\u00e8de \u00e0 la 2\u00e8me marche<\/div>\n<div dir=\"auto\">Malake termine 5\u00e8me<\/div>\n<div dir=\"auto\">Jean se classe 4\u00e8me<\/div>\n<div dir=\"auto\">Jasmina monte elle aussi sur la 2\u00e8me marche du podium<\/div>\n<div dir=\"auto\"><\/div>\n<\/div>\n<div class=\"x11i5rnm xat24cr x1mh8g0r x1vvkbs xtlvy1s x126k92a\">\n<div dir=\"auto\"><strong>Cat\u00e9gorie Poussins<\/strong><\/div>\n<div dir=\"auto\">Sarah termine 3\u00e8me<\/div>\n<div dir=\"auto\">Nurettin monte sur la 1\u00e8re marche<\/div>\n<div dir=\"auto\">Nolan acc\u00e8de \u00e0 la 2\u00e8me marche<\/div>\n<div dir=\"auto\">Jahongir se classe 2\u00e8me<\/div>\n<div dir=\"auto\">Chilo monte sur la 1\u00e8re marche<\/div>\n<div dir=\"auto\">Martin acc\u00e8de \u00e0 la 3\u00e8me marche<\/div>\n<div dir=\"auto\"><\/div>\n<\/div>\n<div class=\"x11i5rnm xat24cr x1mh8g0r x1vvkbs xtlvy1s x126k92a\">\n<div dir=\"auto\"><strong>Cat\u00e9gorie Benjamins<\/strong><\/div>\n<div dir=\"auto\">Anais monte sur la 1\u00e8re marche<\/div>\n<div dir=\"auto\">Adil acc\u00e8de \u00e0 la plus haute marche du podium<\/div>\n<div dir=\"auto\">Harouna monte \u00e9galement sur la 1\u00e8re marche<\/div>\n<div dir=\"auto\">Si Yacine termine \u00e8me<\/div>\n<div dir=\"auto\">Chiraze s&rsquo;est bless\u00e9e et a du abandonner<\/div>\n<div dir=\"auto\">Zyad monte sur la \u00e8re marche d podium<\/div>\n<div dir=\"auto\">Martin acc\u00e8de \u00e0 la 3\u00e8me marche<\/div>\n<div dir=\"auto\"><\/div>\n<\/div>\n<div class=\"x11i5rnm xat24cr x1mh8g0r x1vvkbs xtlvy1s x126k92a\">\n<div dir=\"auto\">Bravo ! F\u00e9licitations !<\/div>\n<div dir=\"auto\">Merci aux parents qui ont accompagn\u00e9 et encourag\u00e9 nos jeunes judokas, ainsi qu&rsquo;\u00e0 Marina qui les a coach\u00e9s.<\/div>\n<\/div>\n","protected":false},"excerpt":{"rendered":"<p>Au cours du week-end des 04 et 05 f\u00e9vrier 2023, les judokas du Club ont dignement repr\u00e9sent\u00e9 les Arts Martiaux Compi\u00e9gnois aux diff\u00e9rents tournois : INTERCLUBS DE MAIGNELAY-MONTIGNY Cat\u00e9gorie Pr\u00e9-Poussins Kais Lagoune se classe 2\u00e8me, Lyam Messence termine lui aussi 2\u00e8me Cat\u00e9gorie Poussins Nayel Mapote acc\u00e8de \u00e0 la premi\u00e8re marche du podium Cat\u00e9gorie Benjamins Rose [&hellip;]<\/p>\n","protected":false},"author":3,"featured_media":0,"comment_status":"closed","ping_status":"closed","sticky":false,"template":"","format":"standard","meta":[],"categories":[7],"tags":[],"_links":{"self":[{"href":"https:\/\/artsmartiauxcompiegnois.fr\/index.php?rest_route=\/wp\/v2\/posts\/11598"}],"collection":[{"href":"https:\/\/artsmartiauxcompiegnois.fr\/index.php?rest_route=\/wp\/v2\/posts"}],"about":[{"href":"https:\/\/artsmartiauxcompiegnois.fr\/index.php?rest_route=\/wp\/v2\/types\/post"}],"author":[{"embeddable":true,"href":"https:\/\/artsmartiauxcompiegnois.fr\/index.php?rest_route=\/wp\/v2\/users\/3"}],"replies":[{"embeddable":true,"href":"https:\/\/artsmartiauxcompiegnois.fr\/index.php?rest_route=%2Fwp%2Fv2%2Fcomments&post=11598"}],"version-history":[{"count":3,"href":"https:\/\/artsmartiauxcompiegnois.fr\/index.php?rest_route=\/wp\/v2\/posts\/11598\/revisions"}],"predecessor-version":[{"id":11601,"href":"https:\/\/artsmartiauxcompiegnois.fr\/index.php?rest_route=\/wp\/v2\/posts\/11598\/revisions\/11601"}],"wp:attachment":[{"href":"https:\/\/artsmartiauxcompiegnois.fr\/index.php?rest_route=%2Fwp%2Fv2%2Fmedia&parent=11598"}],"wp:term":[{"taxonomy":"category","embeddable":true,"href":"https:\/\/artsmartiauxcompiegnois.fr\/index.php?rest_route=%2Fwp%2Fv2%2Fcategories&post=11598"},{"taxonomy":"post_tag","embeddable":true,"href":"https:\/\/artsmartiauxcompiegnois.fr\/index.php?rest_route=%2Fwp%2Fv2%2Ftags&post=11598"}],"curies":[{"name":"wp","href":"https:\/\/api.w.org\/{rel}","templated":true}]}}