{"id":1160,"date":"2015-01-16T18:55:33","date_gmt":"2015-01-16T16:55:33","guid":{"rendered":"http:\/\/artsmartiauxcompiegnois.fr\/?p=1160"},"modified":"2015-01-16T18:55:33","modified_gmt":"2015-01-16T16:55:33","slug":"30eme-festival-des-arts-martiaux","status":"publish","type":"post","link":"https:\/\/artsmartiauxcompiegnois.fr\/?p=1160","title":{"rendered":"30\u00e8me Festival des Arts Martiaux"},"content":{"rendered":"<p><a href=\"http:\/\/artsmartiauxcompiegnois.fr\/wp-content\/uploads\/2015\/01\/amc_fly_a5_festival_am-V.jpg\"><img loading=\"lazy\" class=\"alignnone size-full wp-image-1162\" src=\"http:\/\/artsmartiauxcompiegnois.fr\/wp-content\/uploads\/2015\/01\/amc_fly_a5_festival_am-V.jpg\" alt=\"Adobe Photoshop PDF\" width=\"400\" height=\"560\" srcset=\"https:\/\/artsmartiauxcompiegnois.fr\/wp-content\/uploads\/2015\/01\/amc_fly_a5_festival_am-V.jpg 400w, https:\/\/artsmartiauxcompiegnois.fr\/wp-content\/uploads\/2015\/01\/amc_fly_a5_festival_am-V-214x300.jpg 214w, https:\/\/artsmartiauxcompiegnois.fr\/wp-content\/uploads\/2015\/01\/amc_fly_a5_festival_am-V-127x178.jpg 127w\" sizes=\"(max-width: 400px) 100vw, 400px\" \/><\/a><\/p>\n<p>&nbsp;<\/p>\n<div>Avis aux adh\u00e9rents du Club: Informations concernant l&rsquo;organisation de la journ\u00e9e du samedi 07 Mars 2015. Pour plus de renseignements n&rsquo;h\u00e9sitez \u00e0 contacter le secr\u00e9tariat du club au 03 44 86 05 76.<\/div>\n<div><\/div>\n<div>Le Pr\u00e9sident<\/div>\n","protected":false},"excerpt":{"rendered":"<p>&nbsp; Avis aux adh\u00e9rents du Club: Informations concernant l&rsquo;organisation de la journ\u00e9e du samedi 07 Mars 2015. Pour plus de renseignements n&rsquo;h\u00e9sitez \u00e0 contacter le secr\u00e9tariat du club au 03 44 86 05 76. Le Pr\u00e9sident<\/p>\n","protected":false},"author":1,"featured_media":1161,"comment_status":"open","ping_status":"open","sticky":false,"template":"","format":"standard","meta":[],"categories":[36,7],"tags":[109,52,51,108,179,111,55,110],"_links":{"self":[{"href":"https:\/\/artsmartiauxcompiegnois.fr\/index.php?rest_route=\/wp\/v2\/posts\/1160"}],"collection":[{"href":"https:\/\/artsmartiauxcompiegnois.fr\/index.php?rest_route=\/wp\/v2\/posts"}],"about":[{"href":"https:\/\/artsmartiauxcompiegnois.fr\/index.php?rest_route=\/wp\/v2\/types\/post"}],"author":[{"embeddable":true,"href":"https:\/\/artsmartiauxcompiegnois.fr\/index.php?rest_route=\/wp\/v2\/users\/1"}],"replies":[{"embeddable":true,"href":"https:\/\/artsmartiauxcompiegnois.fr\/index.php?rest_route=%2Fwp%2Fv2%2Fcomments&post=1160"}],"version-history":[{"count":1,"href":"https:\/\/artsmartiauxcompiegnois.fr\/index.php?rest_route=\/wp\/v2\/posts\/1160\/revisions"}],"predecessor-version":[{"id":1163,"href":"https:\/\/artsmartiauxcompiegnois.fr\/index.php?rest_route=\/wp\/v2\/posts\/1160\/revisions\/1163"}],"wp:featuredmedia":[{"embeddable":true,"href":"https:\/\/artsmartiauxcompiegnois.fr\/index.php?rest_route=\/wp\/v2\/media\/1161"}],"wp:attachment":[{"href":"https:\/\/artsmartiauxcompiegnois.fr\/index.php?rest_route=%2Fwp%2Fv2%2Fmedia&parent=1160"}],"wp:term":[{"taxonomy":"category","embeddable":true,"href":"https:\/\/artsmartiauxcompiegnois.fr\/index.php?rest_route=%2Fwp%2Fv2%2Fcategories&post=1160"},{"taxonomy":"post_tag","embeddable":true,"href":"https:\/\/artsmartiauxcompiegnois.fr\/index.php?rest_route=%2Fwp%2Fv2%2Ftags&post=1160"}],"curies":[{"name":"wp","href":"https:\/\/api.w.org\/{rel}","templated":true}]}}