{"id":11605,"date":"2023-02-26T18:12:57","date_gmt":"2023-02-26T16:12:57","guid":{"rendered":"https:\/\/artsmartiauxcompiegnois.fr\/?p=11605"},"modified":"2023-02-26T18:14:45","modified_gmt":"2023-02-26T16:14:45","slug":"isra-vice-championne-de-karate-de-la-region-des-hdf","status":"publish","type":"post","link":"https:\/\/artsmartiauxcompiegnois.fr\/?p=11605","title":{"rendered":"Isra, Vice Championne de karat\u00e9 de la R\u00e9gion des HDF"},"content":{"rendered":"<p>26 f\u00e9vrier 2023 \u00e0 Vieux-Cond\u00e9, Isra s&rsquo;est hiss\u00e9e sur la deuxi\u00e8me marche du Podium pour recevoir le titre de Vice Championne des Hauts de France en karat\u00e9, cat\u00e9gorie S\u00e9nior. Elle obtient \u00e9galement la m\u00e9daille de bronze en cat\u00e9gorie junior au championnat r\u00e9gional HDF de karat\u00e9 kata.<\/p>\n<p>Isra est donc qualifi\u00e9e pour le Championnat de France.<\/p>\n<p>Au nom du Comit\u00e9 Directeur, de son encadrant, et du Club, nous te f\u00e9licitions Isra.<\/p>\n","protected":false},"excerpt":{"rendered":"<p>26 f\u00e9vrier 2023 \u00e0 Vieux-Cond\u00e9, Isra s&rsquo;est hiss\u00e9e sur la deuxi\u00e8me marche du Podium pour recevoir le titre de Vice Championne des Hauts de France en karat\u00e9, cat\u00e9gorie S\u00e9nior. Elle obtient \u00e9galement la m\u00e9daille de bronze en cat\u00e9gorie junior au championnat r\u00e9gional HDF de karat\u00e9 kata. Isra est donc qualifi\u00e9e pour le Championnat de France. [&hellip;]<\/p>\n","protected":false},"author":3,"featured_media":11610,"comment_status":"closed","ping_status":"closed","sticky":false,"template":"","format":"standard","meta":[],"categories":[7],"tags":[],"_links":{"self":[{"href":"https:\/\/artsmartiauxcompiegnois.fr\/index.php?rest_route=\/wp\/v2\/posts\/11605"}],"collection":[{"href":"https:\/\/artsmartiauxcompiegnois.fr\/index.php?rest_route=\/wp\/v2\/posts"}],"about":[{"href":"https:\/\/artsmartiauxcompiegnois.fr\/index.php?rest_route=\/wp\/v2\/types\/post"}],"author":[{"embeddable":true,"href":"https:\/\/artsmartiauxcompiegnois.fr\/index.php?rest_route=\/wp\/v2\/users\/3"}],"replies":[{"embeddable":true,"href":"https:\/\/artsmartiauxcompiegnois.fr\/index.php?rest_route=%2Fwp%2Fv2%2Fcomments&post=11605"}],"version-history":[{"count":5,"href":"https:\/\/artsmartiauxcompiegnois.fr\/index.php?rest_route=\/wp\/v2\/posts\/11605\/revisions"}],"predecessor-version":[{"id":11614,"href":"https:\/\/artsmartiauxcompiegnois.fr\/index.php?rest_route=\/wp\/v2\/posts\/11605\/revisions\/11614"}],"wp:featuredmedia":[{"embeddable":true,"href":"https:\/\/artsmartiauxcompiegnois.fr\/index.php?rest_route=\/wp\/v2\/media\/11610"}],"wp:attachment":[{"href":"https:\/\/artsmartiauxcompiegnois.fr\/index.php?rest_route=%2Fwp%2Fv2%2Fmedia&parent=11605"}],"wp:term":[{"taxonomy":"category","embeddable":true,"href":"https:\/\/artsmartiauxcompiegnois.fr\/index.php?rest_route=%2Fwp%2Fv2%2Fcategories&post=11605"},{"taxonomy":"post_tag","embeddable":true,"href":"https:\/\/artsmartiauxcompiegnois.fr\/index.php?rest_route=%2Fwp%2Fv2%2Ftags&post=11605"}],"curies":[{"name":"wp","href":"https:\/\/api.w.org\/{rel}","templated":true}]}}