{"id":11777,"date":"2023-09-20T17:52:44","date_gmt":"2023-09-20T15:52:44","guid":{"rendered":"https:\/\/artsmartiauxcompiegnois.fr\/?p=11777"},"modified":"2023-09-25T11:06:49","modified_gmt":"2023-09-25T09:06:49","slug":"signature-du-pacte-republicain","status":"publish","type":"post","link":"https:\/\/artsmartiauxcompiegnois.fr\/?p=11777","title":{"rendered":"Signature du Contrat d&rsquo;Engagement R\u00e9publicain"},"content":{"rendered":"<p style=\"text-align: center;\">Le Club des Arts Martiaux Compi\u00e9gnois a proc\u00e9d\u00e9 \u00e0 la signature du Contrat d&rsquo;engagement R\u00e9publicain<\/p>\n<p>&nbsp;<\/p>\n<p style=\"text-align: center;\">Vous pourrez trouvez le d\u00e9tail de ce contrat en suivant le lien :\u00a0 <a href=\"https:\/\/artsmartiauxcompiegnois.fr\/?page_id=11767\" target=\"_blank\" rel=\"noopener\">Contrat d&rsquo;Engagement R\u00e9publicain<\/a>\u00a0 ou simplement en consultant la rubrique \u00ab\u00a0Informations L\u00e9gales\u00a0\u00bb<\/p>\n<p>&nbsp;<\/p>\n","protected":false},"excerpt":{"rendered":"<p>Le Club des Arts Martiaux Compi\u00e9gnois a proc\u00e9d\u00e9 \u00e0 la signature du Contrat d&rsquo;engagement R\u00e9publicain &nbsp; Vous pourrez trouvez le d\u00e9tail de ce contrat en suivant le lien :\u00a0 Contrat d&rsquo;Engagement R\u00e9publicain\u00a0 ou simplement en consultant la rubrique \u00ab\u00a0Informations L\u00e9gales\u00a0\u00bb &nbsp;<\/p>\n","protected":false},"author":3,"featured_media":0,"comment_status":"closed","ping_status":"closed","sticky":false,"template":"","format":"standard","meta":[],"categories":[81,2],"tags":[],"_links":{"self":[{"href":"https:\/\/artsmartiauxcompiegnois.fr\/index.php?rest_route=\/wp\/v2\/posts\/11777"}],"collection":[{"href":"https:\/\/artsmartiauxcompiegnois.fr\/index.php?rest_route=\/wp\/v2\/posts"}],"about":[{"href":"https:\/\/artsmartiauxcompiegnois.fr\/index.php?rest_route=\/wp\/v2\/types\/post"}],"author":[{"embeddable":true,"href":"https:\/\/artsmartiauxcompiegnois.fr\/index.php?rest_route=\/wp\/v2\/users\/3"}],"replies":[{"embeddable":true,"href":"https:\/\/artsmartiauxcompiegnois.fr\/index.php?rest_route=%2Fwp%2Fv2%2Fcomments&post=11777"}],"version-history":[{"count":11,"href":"https:\/\/artsmartiauxcompiegnois.fr\/index.php?rest_route=\/wp\/v2\/posts\/11777\/revisions"}],"predecessor-version":[{"id":11787,"href":"https:\/\/artsmartiauxcompiegnois.fr\/index.php?rest_route=\/wp\/v2\/posts\/11777\/revisions\/11787"}],"wp:attachment":[{"href":"https:\/\/artsmartiauxcompiegnois.fr\/index.php?rest_route=%2Fwp%2Fv2%2Fmedia&parent=11777"}],"wp:term":[{"taxonomy":"category","embeddable":true,"href":"https:\/\/artsmartiauxcompiegnois.fr\/index.php?rest_route=%2Fwp%2Fv2%2Fcategories&post=11777"},{"taxonomy":"post_tag","embeddable":true,"href":"https:\/\/artsmartiauxcompiegnois.fr\/index.php?rest_route=%2Fwp%2Fv2%2Ftags&post=11777"}],"curies":[{"name":"wp","href":"https:\/\/api.w.org\/{rel}","templated":true}]}}