{"id":11821,"date":"2023-10-01T17:12:43","date_gmt":"2023-10-01T15:12:43","guid":{"rendered":"https:\/\/artsmartiauxcompiegnois.fr\/?p=11821"},"modified":"2023-10-01T17:13:45","modified_gmt":"2023-10-01T15:13:45","slug":"regroupement-judo-departemental-de-loise-aux-arts-martuayx-compiegnois","status":"publish","type":"post","link":"https:\/\/artsmartiauxcompiegnois.fr\/?p=11821","title":{"rendered":"Regroupement Judo D\u00e9partemental de l&rsquo;Oise aux Arts Martiaux Compi\u00e9gnois"},"content":{"rendered":"<p style=\"text-align: center;\">Dimanche 1er Octobre 2023, le club des Arts Martiaux Compi\u00e9gnois re\u00e7oit le regroupement d\u00e9partemental de l\u2019Oise de judo, cat\u00e9gories Benjamins et minimes.<\/p>\n<p><img loading=\"lazy\" class=\"aligncenter size-full wp-image-11822\" src=\"http:\/\/artsmartiauxcompiegnois.fr\/wp-content\/uploads\/2023\/10\/Regroupmt-judo-102023.gif\" alt=\"\" width=\"968\" height=\"459\" \/><\/p>\n","protected":false},"excerpt":{"rendered":"<p>Dimanche 1er Octobre 2023, le club des Arts Martiaux Compi\u00e9gnois re\u00e7oit le regroupement d\u00e9partemental de l\u2019Oise de judo, cat\u00e9gories Benjamins et minimes.<\/p>\n","protected":false},"author":3,"featured_media":11823,"comment_status":"closed","ping_status":"closed","sticky":false,"template":"","format":"standard","meta":[],"categories":[2,7],"tags":[410],"_links":{"self":[{"href":"https:\/\/artsmartiauxcompiegnois.fr\/index.php?rest_route=\/wp\/v2\/posts\/11821"}],"collection":[{"href":"https:\/\/artsmartiauxcompiegnois.fr\/index.php?rest_route=\/wp\/v2\/posts"}],"about":[{"href":"https:\/\/artsmartiauxcompiegnois.fr\/index.php?rest_route=\/wp\/v2\/types\/post"}],"author":[{"embeddable":true,"href":"https:\/\/artsmartiauxcompiegnois.fr\/index.php?rest_route=\/wp\/v2\/users\/3"}],"replies":[{"embeddable":true,"href":"https:\/\/artsmartiauxcompiegnois.fr\/index.php?rest_route=%2Fwp%2Fv2%2Fcomments&post=11821"}],"version-history":[{"count":2,"href":"https:\/\/artsmartiauxcompiegnois.fr\/index.php?rest_route=\/wp\/v2\/posts\/11821\/revisions"}],"predecessor-version":[{"id":11825,"href":"https:\/\/artsmartiauxcompiegnois.fr\/index.php?rest_route=\/wp\/v2\/posts\/11821\/revisions\/11825"}],"wp:featuredmedia":[{"embeddable":true,"href":"https:\/\/artsmartiauxcompiegnois.fr\/index.php?rest_route=\/wp\/v2\/media\/11823"}],"wp:attachment":[{"href":"https:\/\/artsmartiauxcompiegnois.fr\/index.php?rest_route=%2Fwp%2Fv2%2Fmedia&parent=11821"}],"wp:term":[{"taxonomy":"category","embeddable":true,"href":"https:\/\/artsmartiauxcompiegnois.fr\/index.php?rest_route=%2Fwp%2Fv2%2Fcategories&post=11821"},{"taxonomy":"post_tag","embeddable":true,"href":"https:\/\/artsmartiauxcompiegnois.fr\/index.php?rest_route=%2Fwp%2Fv2%2Ftags&post=11821"}],"curies":[{"name":"wp","href":"https:\/\/api.w.org\/{rel}","templated":true}]}}