{"id":11996,"date":"2023-12-03T18:02:11","date_gmt":"2023-12-03T16:02:11","guid":{"rendered":"https:\/\/artsmartiauxcompiegnois.fr\/?p=11996"},"modified":"2023-12-18T18:08:15","modified_gmt":"2023-12-18T16:08:15","slug":"stage-de-karate-jitsu-jijutsu-frenosy-le-grand-2-dec-2023","status":"publish","type":"post","link":"https:\/\/artsmartiauxcompiegnois.fr\/?p=11996","title":{"rendered":"Stage de karat\u00e9 jitsu, Jijutsu &#8211;  Frenosy le Grand &#8211; 2 d\u00e9c 2023"},"content":{"rendered":"<h3 style=\"text-align: center;\">Notre Pr\u00e9sident Akim Bahmed participe \u00e0 l&rsquo;excellent stage de karat\u00e9 jitsu, Jijutsu avec Philippe Vervynck,<\/h3>\n<h3 style=\"text-align: center;\">6\u00e8me Dan, Responsable national de Taijitsu.<\/h3>\n<p>&nbsp;<\/p>\n<p style=\"text-align: center;\"><img loading=\"lazy\" class=\"aligncenter size-full wp-image-11997\" src=\"http:\/\/artsmartiauxcompiegnois.fr\/wp-content\/uploads\/2023\/12\/Stage-Fresnoy-02122023.jpg\" alt=\"\" width=\"1005\" height=\"737\" srcset=\"https:\/\/artsmartiauxcompiegnois.fr\/wp-content\/uploads\/2023\/12\/Stage-Fresnoy-02122023.jpg 1005w, https:\/\/artsmartiauxcompiegnois.fr\/wp-content\/uploads\/2023\/12\/Stage-Fresnoy-02122023-300x220.jpg 300w, https:\/\/artsmartiauxcompiegnois.fr\/wp-content\/uploads\/2023\/12\/Stage-Fresnoy-02122023-768x563.jpg 768w, https:\/\/artsmartiauxcompiegnois.fr\/wp-content\/uploads\/2023\/12\/Stage-Fresnoy-02122023-178x131.jpg 178w\" sizes=\"(max-width: 1005px) 100vw, 1005px\" \/><\/p>\n","protected":false},"excerpt":{"rendered":"<p>Notre Pr\u00e9sident Akim Bahmed participe \u00e0 l&rsquo;excellent stage de karat\u00e9 jitsu, Jijutsu avec Philippe Vervynck, 6\u00e8me Dan, Responsable national de Taijitsu. &nbsp;<\/p>\n","protected":false},"author":3,"featured_media":0,"comment_status":"closed","ping_status":"closed","sticky":false,"template":"","format":"standard","meta":[],"categories":[7],"tags":[],"_links":{"self":[{"href":"https:\/\/artsmartiauxcompiegnois.fr\/index.php?rest_route=\/wp\/v2\/posts\/11996"}],"collection":[{"href":"https:\/\/artsmartiauxcompiegnois.fr\/index.php?rest_route=\/wp\/v2\/posts"}],"about":[{"href":"https:\/\/artsmartiauxcompiegnois.fr\/index.php?rest_route=\/wp\/v2\/types\/post"}],"author":[{"embeddable":true,"href":"https:\/\/artsmartiauxcompiegnois.fr\/index.php?rest_route=\/wp\/v2\/users\/3"}],"replies":[{"embeddable":true,"href":"https:\/\/artsmartiauxcompiegnois.fr\/index.php?rest_route=%2Fwp%2Fv2%2Fcomments&post=11996"}],"version-history":[{"count":1,"href":"https:\/\/artsmartiauxcompiegnois.fr\/index.php?rest_route=\/wp\/v2\/posts\/11996\/revisions"}],"predecessor-version":[{"id":11998,"href":"https:\/\/artsmartiauxcompiegnois.fr\/index.php?rest_route=\/wp\/v2\/posts\/11996\/revisions\/11998"}],"wp:attachment":[{"href":"https:\/\/artsmartiauxcompiegnois.fr\/index.php?rest_route=%2Fwp%2Fv2%2Fmedia&parent=11996"}],"wp:term":[{"taxonomy":"category","embeddable":true,"href":"https:\/\/artsmartiauxcompiegnois.fr\/index.php?rest_route=%2Fwp%2Fv2%2Fcategories&post=11996"},{"taxonomy":"post_tag","embeddable":true,"href":"https:\/\/artsmartiauxcompiegnois.fr\/index.php?rest_route=%2Fwp%2Fv2%2Ftags&post=11996"}],"curies":[{"name":"wp","href":"https:\/\/api.w.org\/{rel}","templated":true}]}}