{"id":12004,"date":"2023-11-27T12:54:34","date_gmt":"2023-11-27T10:54:34","guid":{"rendered":"https:\/\/artsmartiauxcompiegnois.fr\/?p=12004"},"modified":"2023-12-19T13:10:02","modified_gmt":"2023-12-19T11:10:02","slug":"open-de-karate-des-jeunes-de-la-zid-picardie-26-nov-2023","status":"publish","type":"post","link":"https:\/\/artsmartiauxcompiegnois.fr\/?p=12004","title":{"rendered":"Open de Karat\u00e9 des jeunes de la ZID Picardie &#8211; 26 nov 2023"},"content":{"rendered":"<p>Nos jeunes karat\u00e9kas comp\u00e9titeurs ont particip\u00e9 \u00e0 l&rsquo;Open qui se d\u00e9roulait au gymnase Ribida. Certains d&rsquo;entre eux sont mont\u00e9s sur le Podium tandis que d&rsquo;autres qui n&rsquo;ont pas d\u00e9m\u00e9rit\u00e9s sans atteindre le Podium.<\/p>\n<p><img loading=\"lazy\" class=\"aligncenter size-full wp-image-12005\" src=\"http:\/\/artsmartiauxcompiegnois.fr\/wp-content\/uploads\/2023\/12\/karate-26112023-5.jpg\" alt=\"\" width=\"861\" height=\"512\" srcset=\"https:\/\/artsmartiauxcompiegnois.fr\/wp-content\/uploads\/2023\/12\/karate-26112023-5.jpg 861w, https:\/\/artsmartiauxcompiegnois.fr\/wp-content\/uploads\/2023\/12\/karate-26112023-5-300x178.jpg 300w, https:\/\/artsmartiauxcompiegnois.fr\/wp-content\/uploads\/2023\/12\/karate-26112023-5-768x457.jpg 768w, https:\/\/artsmartiauxcompiegnois.fr\/wp-content\/uploads\/2023\/12\/karate-26112023-5-178x106.jpg 178w\" sizes=\"(max-width: 861px) 100vw, 861px\" \/> <img loading=\"lazy\" class=\"aligncenter size-large wp-image-12006\" src=\"http:\/\/artsmartiauxcompiegnois.fr\/wp-content\/uploads\/2023\/12\/karate-26112023-4.jpg\" alt=\"\" width=\"919\" height=\"513\" srcset=\"https:\/\/artsmartiauxcompiegnois.fr\/wp-content\/uploads\/2023\/12\/karate-26112023-4.jpg 919w, https:\/\/artsmartiauxcompiegnois.fr\/wp-content\/uploads\/2023\/12\/karate-26112023-4-300x167.jpg 300w, https:\/\/artsmartiauxcompiegnois.fr\/wp-content\/uploads\/2023\/12\/karate-26112023-4-768x429.jpg 768w, https:\/\/artsmartiauxcompiegnois.fr\/wp-content\/uploads\/2023\/12\/karate-26112023-4-178x99.jpg 178w\" sizes=\"(max-width: 919px) 100vw, 919px\" \/> <img loading=\"lazy\" class=\"aligncenter size-large wp-image-12007\" src=\"http:\/\/artsmartiauxcompiegnois.fr\/wp-content\/uploads\/2023\/12\/karate-26112023-3.jpg\" alt=\"\" width=\"919\" height=\"444\" srcset=\"https:\/\/artsmartiauxcompiegnois.fr\/wp-content\/uploads\/2023\/12\/karate-26112023-3.jpg 919w, https:\/\/artsmartiauxcompiegnois.fr\/wp-content\/uploads\/2023\/12\/karate-26112023-3-300x145.jpg 300w, https:\/\/artsmartiauxcompiegnois.fr\/wp-content\/uploads\/2023\/12\/karate-26112023-3-768x371.jpg 768w, https:\/\/artsmartiauxcompiegnois.fr\/wp-content\/uploads\/2023\/12\/karate-26112023-3-178x86.jpg 178w\" sizes=\"(max-width: 919px) 100vw, 919px\" \/> <img loading=\"lazy\" class=\"aligncenter size-large wp-image-12008\" src=\"http:\/\/artsmartiauxcompiegnois.fr\/wp-content\/uploads\/2023\/12\/karate-26112023-2.jpg\" alt=\"\" width=\"773\" height=\"579\" srcset=\"https:\/\/artsmartiauxcompiegnois.fr\/wp-content\/uploads\/2023\/12\/karate-26112023-2.jpg 773w, https:\/\/artsmartiauxcompiegnois.fr\/wp-content\/uploads\/2023\/12\/karate-26112023-2-300x225.jpg 300w, https:\/\/artsmartiauxcompiegnois.fr\/wp-content\/uploads\/2023\/12\/karate-26112023-2-768x575.jpg 768w, https:\/\/artsmartiauxcompiegnois.fr\/wp-content\/uploads\/2023\/12\/karate-26112023-2-178x133.jpg 178w\" sizes=\"(max-width: 773px) 100vw, 773px\" \/> <img loading=\"lazy\" class=\"aligncenter size-large wp-image-12009\" src=\"http:\/\/artsmartiauxcompiegnois.fr\/wp-content\/uploads\/2023\/12\/karate-26112023.jpg\" alt=\"\" width=\"671\" height=\"442\" srcset=\"https:\/\/artsmartiauxcompiegnois.fr\/wp-content\/uploads\/2023\/12\/karate-26112023.jpg 671w, https:\/\/artsmartiauxcompiegnois.fr\/wp-content\/uploads\/2023\/12\/karate-26112023-300x198.jpg 300w, https:\/\/artsmartiauxcompiegnois.fr\/wp-content\/uploads\/2023\/12\/karate-26112023-178x117.jpg 178w\" sizes=\"(max-width: 671px) 100vw, 671px\" \/><\/p>\n<p style=\"text-align: center;\">Nos arbitre et arbitre en formation y ont particip\u00e9 \u00e9galement<\/p>\n<p style=\"text-align: center;\">Nous les f\u00e9licitons tous ainsi que leurs coachs<br \/>\nUn grand merci \u00e0 nos b\u00e9n\u00e9voles, sans qui, cet \u00e9v\u00e9nement n&rsquo;aurait pu se d\u00e9rouler dans de bonnes conditions.<\/p>\n","protected":false},"excerpt":{"rendered":"<p>Nos jeunes karat\u00e9kas comp\u00e9titeurs ont particip\u00e9 \u00e0 l&rsquo;Open qui se d\u00e9roulait au gymnase Ribida. Certains d&rsquo;entre eux sont mont\u00e9s sur le Podium tandis que d&rsquo;autres qui n&rsquo;ont pas d\u00e9m\u00e9rit\u00e9s sans atteindre le Podium. Nos arbitre et arbitre en formation y ont particip\u00e9 \u00e9galement Nous les f\u00e9licitons tous ainsi que leurs coachs Un grand merci \u00e0 [&hellip;]<\/p>\n","protected":false},"author":3,"featured_media":12005,"comment_status":"closed","ping_status":"closed","sticky":false,"template":"","format":"standard","meta":[],"categories":[4,7],"tags":[],"_links":{"self":[{"href":"https:\/\/artsmartiauxcompiegnois.fr\/index.php?rest_route=\/wp\/v2\/posts\/12004"}],"collection":[{"href":"https:\/\/artsmartiauxcompiegnois.fr\/index.php?rest_route=\/wp\/v2\/posts"}],"about":[{"href":"https:\/\/artsmartiauxcompiegnois.fr\/index.php?rest_route=\/wp\/v2\/types\/post"}],"author":[{"embeddable":true,"href":"https:\/\/artsmartiauxcompiegnois.fr\/index.php?rest_route=\/wp\/v2\/users\/3"}],"replies":[{"embeddable":true,"href":"https:\/\/artsmartiauxcompiegnois.fr\/index.php?rest_route=%2Fwp%2Fv2%2Fcomments&post=12004"}],"version-history":[{"count":1,"href":"https:\/\/artsmartiauxcompiegnois.fr\/index.php?rest_route=\/wp\/v2\/posts\/12004\/revisions"}],"predecessor-version":[{"id":12010,"href":"https:\/\/artsmartiauxcompiegnois.fr\/index.php?rest_route=\/wp\/v2\/posts\/12004\/revisions\/12010"}],"wp:featuredmedia":[{"embeddable":true,"href":"https:\/\/artsmartiauxcompiegnois.fr\/index.php?rest_route=\/wp\/v2\/media\/12005"}],"wp:attachment":[{"href":"https:\/\/artsmartiauxcompiegnois.fr\/index.php?rest_route=%2Fwp%2Fv2%2Fmedia&parent=12004"}],"wp:term":[{"taxonomy":"category","embeddable":true,"href":"https:\/\/artsmartiauxcompiegnois.fr\/index.php?rest_route=%2Fwp%2Fv2%2Fcategories&post=12004"},{"taxonomy":"post_tag","embeddable":true,"href":"https:\/\/artsmartiauxcompiegnois.fr\/index.php?rest_route=%2Fwp%2Fv2%2Ftags&post=12004"}],"curies":[{"name":"wp","href":"https:\/\/api.w.org\/{rel}","templated":true}]}}