{"id":12020,"date":"2023-12-20T12:57:24","date_gmt":"2023-12-20T10:57:24","guid":{"rendered":"https:\/\/artsmartiauxcompiegnois.fr\/?p=12020"},"modified":"2023-12-20T14:17:23","modified_gmt":"2023-12-20T12:17:23","slug":"fermeture-de-fin-dannee-21-dec-2023","status":"publish","type":"post","link":"https:\/\/artsmartiauxcompiegnois.fr\/?p=12020","title":{"rendered":"Fin des cours le 21 d\u00e9c 2023 et F\u00eate de No\u00ebl au Club le 23 d\u00e9c 2023"},"content":{"rendered":"<h3 style=\"text-align: center;\">Les vacances de Noel commencent au Club des Arts Martiaux Compi\u00e9gnois apr\u00e8s les cours de jeudi 21 d\u00e9cembre 2023.<\/h3>\n<h3 style=\"text-align: center;\">Mais avant de terminer l&rsquo;ann\u00e9e 2023, nous nous retrouverons tous ensemble pour un moment de d\u00e9monstrations, d&rsquo;\u00e9changes et de partage festif, vendredi soir<\/h3>\n<p><img loading=\"lazy\" class=\"wp-image-12022 aligncenter\" src=\"http:\/\/artsmartiauxcompiegnois.fr\/wp-content\/uploads\/2023\/12\/22122023-verso.jpg\" alt=\"\" width=\"345\" height=\"480\" srcset=\"https:\/\/artsmartiauxcompiegnois.fr\/wp-content\/uploads\/2023\/12\/22122023-verso.jpg 246w, https:\/\/artsmartiauxcompiegnois.fr\/wp-content\/uploads\/2023\/12\/22122023-verso-216x300.jpg 216w, https:\/\/artsmartiauxcompiegnois.fr\/wp-content\/uploads\/2023\/12\/22122023-verso-128x178.jpg 128w\" sizes=\"(max-width: 345px) 100vw, 345px\" \/> <img loading=\"lazy\" class=\"wp-image-12023 aligncenter\" src=\"http:\/\/artsmartiauxcompiegnois.fr\/wp-content\/uploads\/2023\/12\/22122023-recto.jpg\" alt=\"\" width=\"328\" height=\"458\" srcset=\"https:\/\/artsmartiauxcompiegnois.fr\/wp-content\/uploads\/2023\/12\/22122023-recto.jpg 247w, https:\/\/artsmartiauxcompiegnois.fr\/wp-content\/uploads\/2023\/12\/22122023-recto-215x300.jpg 215w, https:\/\/artsmartiauxcompiegnois.fr\/wp-content\/uploads\/2023\/12\/22122023-recto-127x178.jpg 127w\" sizes=\"(max-width: 328px) 100vw, 328px\" \/><\/p>\n","protected":false},"excerpt":{"rendered":"<p>Les vacances de Noel commencent au Club des Arts Martiaux Compi\u00e9gnois apr\u00e8s les cours de jeudi 21 d\u00e9cembre 2023. Mais avant de terminer l&rsquo;ann\u00e9e 2023, nous nous retrouverons tous ensemble pour un moment de d\u00e9monstrations, d&rsquo;\u00e9changes et de partage festif, vendredi soir<\/p>\n","protected":false},"author":3,"featured_media":12032,"comment_status":"closed","ping_status":"closed","sticky":false,"template":"","format":"standard","meta":[],"categories":[7],"tags":[],"_links":{"self":[{"href":"https:\/\/artsmartiauxcompiegnois.fr\/index.php?rest_route=\/wp\/v2\/posts\/12020"}],"collection":[{"href":"https:\/\/artsmartiauxcompiegnois.fr\/index.php?rest_route=\/wp\/v2\/posts"}],"about":[{"href":"https:\/\/artsmartiauxcompiegnois.fr\/index.php?rest_route=\/wp\/v2\/types\/post"}],"author":[{"embeddable":true,"href":"https:\/\/artsmartiauxcompiegnois.fr\/index.php?rest_route=\/wp\/v2\/users\/3"}],"replies":[{"embeddable":true,"href":"https:\/\/artsmartiauxcompiegnois.fr\/index.php?rest_route=%2Fwp%2Fv2%2Fcomments&post=12020"}],"version-history":[{"count":7,"href":"https:\/\/artsmartiauxcompiegnois.fr\/index.php?rest_route=\/wp\/v2\/posts\/12020\/revisions"}],"predecessor-version":[{"id":12031,"href":"https:\/\/artsmartiauxcompiegnois.fr\/index.php?rest_route=\/wp\/v2\/posts\/12020\/revisions\/12031"}],"wp:featuredmedia":[{"embeddable":true,"href":"https:\/\/artsmartiauxcompiegnois.fr\/index.php?rest_route=\/wp\/v2\/media\/12032"}],"wp:attachment":[{"href":"https:\/\/artsmartiauxcompiegnois.fr\/index.php?rest_route=%2Fwp%2Fv2%2Fmedia&parent=12020"}],"wp:term":[{"taxonomy":"category","embeddable":true,"href":"https:\/\/artsmartiauxcompiegnois.fr\/index.php?rest_route=%2Fwp%2Fv2%2Fcategories&post=12020"},{"taxonomy":"post_tag","embeddable":true,"href":"https:\/\/artsmartiauxcompiegnois.fr\/index.php?rest_route=%2Fwp%2Fv2%2Ftags&post=12020"}],"curies":[{"name":"wp","href":"https:\/\/api.w.org\/{rel}","templated":true}]}}