{"id":12078,"date":"2024-02-11T20:55:30","date_gmt":"2024-02-11T18:55:30","guid":{"rendered":"https:\/\/artsmartiauxcompiegnois.fr\/?p=12078"},"modified":"2024-02-19T16:08:08","modified_gmt":"2024-02-19T14:08:08","slug":"open-wushu-nogent-sur-oise-11-fevrier-2023","status":"publish","type":"post","link":"https:\/\/artsmartiauxcompiegnois.fr\/?p=12078","title":{"rendered":"Open Wushu &#8211;  Nogent-sur-Oise &#8211; 11 f\u00e9vrier 2023 &#8211; AMC : une moisson de m\u00e9dailles"},"content":{"rendered":"<p>22 comp\u00e9titeurs de notre Club se sont engag\u00e9s dans les diff\u00e9rentes cat\u00e9gories de poids lors de l\u2019Open Wushu, organis\u00e9 par la F\u00e9d\u00e9ration Fran\u00e7aise de Karat\u00e9 et Disciplines Associ\u00e9es, au Dojo de Nogent sur Oise.<\/p>\n<p>Nous les f\u00e9licitons pour leur participation active aux r\u00e9sultats tr\u00e8s encourageants qui g\u00e9n\u00e8re une v\u00e9ritable moisson de m\u00e9dailles<\/p>\n<p>Nous remercions S\u00e9bastien et ses assistants pour la pr\u00e9paration de nos comp\u00e9titeurs.<\/p>\n<table style=\"height: 729px;\" width=\"972\">\n<tbody>\n<tr>\n<td width=\"848\">Belaidi Sofian\u00a0en cat\u00e9gorie Cadet -56 Kg (surclass\u00e9 en -60 kg) monte sur la deuxi\u00e8me marche du podium -&gt; M\u00e9daille d&rsquo;argent<\/td>\n<\/tr>\n<tr>\n<td width=\"848\">Dallau Mike en cat\u00e9gorie Cadet -60 kg acc\u00e8de \u00e0 la premi\u00e8re marche du podium et enfile la M\u00e9daille d&rsquo;or<\/td>\n<\/tr>\n<tr>\n<td width=\"848\">Adda Sacha en cat\u00e9gorie Junior -65 kg monte sur la troisi\u00e8me marche et obtient la m\u00e9daille de bronze<\/td>\n<\/tr>\n<tr>\n<td width=\"848\">Fritsch Jim en cat\u00e9gorie S\u00e9nior -75 kg se hisse sur la premi\u00e8re marche du podium et devient champion m\u00e9daill\u00e9 d&rsquo;or<\/td>\n<\/tr>\n<tr>\n<td width=\"848\">Van Den Heede Yan en cat\u00e9gorie S\u00e9nior -70 kg doit se contenter de la 6\u00e8m place<\/td>\n<\/tr>\n<tr>\n<td width=\"848\">Demaire Andr\u00e9a en cat\u00e9gorie S\u00e9nior &#8211; 75 kg gravit la deuxi\u00e8me marche du podium et arbore la m\u00e9daille d&rsquo;argent<\/td>\n<\/tr>\n<tr>\n<td width=\"848\">Hocq Florian en cat\u00e9gorie S\u00e9nior -85 kg atteint la premi\u00e8re marche du podium et devient Champion\u00a0 M\u00e9daill\u00e9 d&rsquo;or<\/td>\n<\/tr>\n<tr>\n<td width=\"848\">Dumlupinar Hazal en cat\u00e9gorie F\u00e9minine Cadet -56 kg escalade le podium jusqu&rsquo;\u00e0 la troisi\u00e8me marche avec la M\u00e9daille de Bronze<\/td>\n<\/tr>\n<tr>\n<td width=\"848\">Aahud Anas en cat\u00e9gorie Benjamin -35 kg acc\u00e8de \u00e0 la quatri\u00e8me\u00a0 place<\/td>\n<\/tr>\n<tr>\n<td width=\"848\">Bourdja Cova Ryan en cat\u00e9gorie Benjamin -35 kg n&rsquo;est pas class\u00e9<\/td>\n<\/tr>\n<tr>\n<td width=\"848\">Assous Edzui en cat\u00e9gorie Benjamin -45 kg endosse la m\u00e9daille de bronze en atteignant la troisi\u00e8me marche du podium<\/td>\n<\/tr>\n<tr>\n<td width=\"848\">Assous Youri en cat\u00e9gorie Benjamin -45 kg arbore la m\u00e9daille d&rsquo;or de Champion en montant sur la premi\u00e8re marche<\/td>\n<\/tr>\n<tr>\n<td width=\"848\">Assous Zaoni en cat\u00e9gorie Benjamin -45 kg porte la m\u00e9daille d&rsquo;argent en se hissant sur la deuxi\u00e8me marche du podium<\/td>\n<\/tr>\n<tr>\n<td width=\"848\">Belkarda Mohamed Yakob n&rsquo;a pas combattu<\/td>\n<\/tr>\n<tr>\n<td width=\"848\">Draij Youssef en cat\u00e9gorie cadet -48 kg n&rsquo;est pas venu participer \u00e0 l&rsquo;open<\/td>\n<\/tr>\n<tr>\n<td width=\"848\">Rossard Cova K\u00e9vin en cat\u00e9gorie Cadet -52 kg remporte la m\u00e9daille de bronze en atteignant la troisi\u00e8me marche du podium<\/td>\n<\/tr>\n<tr>\n<td width=\"848\">Cambier Shemseddine en cat\u00e9gorie Minime -39 kg (surclass\u00e9 en -45 kg) porte fi\u00e8rement sa m\u00e9daille d&rsquo;argent<\/td>\n<\/tr>\n<tr>\n<td width=\"848\">Tuzcu Adem en cat\u00e9gorie Minime -45 kg sur la troisi\u00e8me marche du podium arbore sa m\u00e9daille de bronze<\/td>\n<\/tr>\n<tr>\n<td width=\"848\">Difelice st\u00e9phano en cat\u00e9gorie Minime +60 kg endosse la m\u00e9daille d&rsquo;argent sur le seconde marche du podium<\/td>\n<\/tr>\n<tr>\n<td width=\"848\">Bourdja Cova Ylan en cat\u00e9gorie Pupille\u00a0 -25 kg s&rsquo;est pas class\u00e9 troisi\u00e8me et porte la m\u00e9daille de bronze<\/td>\n<\/tr>\n<tr>\n<td width=\"848\">Cambier Richard en cat\u00e9gorie V\u00e9t\u00e9ran -85 kg acc\u00e8de \u00e0 la deuxi\u00e8me marche et enfile la m\u00e9daille d&rsquo;argent<\/td>\n<\/tr>\n<\/tbody>\n<\/table>\n<p>&nbsp;<\/p>\n<p><img loading=\"lazy\" class=\"aligncenter size-full wp-image-12101\" src=\"http:\/\/artsmartiauxcompiegnois.fr\/wp-content\/uploads\/2024\/02\/wushu-nogent-sur-oise.jpg\" alt=\"\" width=\"956\" height=\"402\" srcset=\"https:\/\/artsmartiauxcompiegnois.fr\/wp-content\/uploads\/2024\/02\/wushu-nogent-sur-oise.jpg 956w, https:\/\/artsmartiauxcompiegnois.fr\/wp-content\/uploads\/2024\/02\/wushu-nogent-sur-oise-300x126.jpg 300w, https:\/\/artsmartiauxcompiegnois.fr\/wp-content\/uploads\/2024\/02\/wushu-nogent-sur-oise-768x323.jpg 768w, https:\/\/artsmartiauxcompiegnois.fr\/wp-content\/uploads\/2024\/02\/wushu-nogent-sur-oise-178x75.jpg 178w\" sizes=\"(max-width: 956px) 100vw, 956px\" \/><\/p>\n<p><img loading=\"lazy\" class=\"aligncenter size-full wp-image-12103\" src=\"http:\/\/artsmartiauxcompiegnois.fr\/wp-content\/uploads\/2024\/02\/wushu-nogent-sur-oise-2.jpg\" alt=\"\" width=\"556\" height=\"566\" srcset=\"https:\/\/artsmartiauxcompiegnois.fr\/wp-content\/uploads\/2024\/02\/wushu-nogent-sur-oise-2.jpg 556w, https:\/\/artsmartiauxcompiegnois.fr\/wp-content\/uploads\/2024\/02\/wushu-nogent-sur-oise-2-295x300.jpg 295w, https:\/\/artsmartiauxcompiegnois.fr\/wp-content\/uploads\/2024\/02\/wushu-nogent-sur-oise-2-175x178.jpg 175w\" sizes=\"(max-width: 556px) 100vw, 556px\" \/> <img loading=\"lazy\" class=\"aligncenter size-large wp-image-12104\" src=\"http:\/\/artsmartiauxcompiegnois.fr\/wp-content\/uploads\/2024\/02\/wushu-nogent-sur-oise-3.jpg\" alt=\"\" width=\"634\" height=\"719\" srcset=\"https:\/\/artsmartiauxcompiegnois.fr\/wp-content\/uploads\/2024\/02\/wushu-nogent-sur-oise-3.jpg 634w, https:\/\/artsmartiauxcompiegnois.fr\/wp-content\/uploads\/2024\/02\/wushu-nogent-sur-oise-3-265x300.jpg 265w, https:\/\/artsmartiauxcompiegnois.fr\/wp-content\/uploads\/2024\/02\/wushu-nogent-sur-oise-3-157x178.jpg 157w\" sizes=\"(max-width: 634px) 100vw, 634px\" \/><\/p>\n<p>&nbsp;<\/p>\n<p>R\u00e9sultats :<\/p>\n<p>&nbsp;<\/p>\n<p>&nbsp;<\/p>\n","protected":false},"excerpt":{"rendered":"<p>22 comp\u00e9titeurs de notre Club se sont engag\u00e9s dans les diff\u00e9rentes cat\u00e9gories de poids lors de l\u2019Open Wushu, organis\u00e9 par la F\u00e9d\u00e9ration Fran\u00e7aise de Karat\u00e9 et Disciplines Associ\u00e9es, au Dojo de Nogent sur Oise. Nous les f\u00e9licitons pour leur participation active aux r\u00e9sultats tr\u00e8s encourageants qui g\u00e9n\u00e8re une v\u00e9ritable moisson de m\u00e9dailles Nous remercions S\u00e9bastien [&hellip;]<\/p>\n","protected":false},"author":3,"featured_media":12080,"comment_status":"closed","ping_status":"closed","sticky":false,"template":"","format":"standard","meta":[],"categories":[7],"tags":[],"_links":{"self":[{"href":"https:\/\/artsmartiauxcompiegnois.fr\/index.php?rest_route=\/wp\/v2\/posts\/12078"}],"collection":[{"href":"https:\/\/artsmartiauxcompiegnois.fr\/index.php?rest_route=\/wp\/v2\/posts"}],"about":[{"href":"https:\/\/artsmartiauxcompiegnois.fr\/index.php?rest_route=\/wp\/v2\/types\/post"}],"author":[{"embeddable":true,"href":"https:\/\/artsmartiauxcompiegnois.fr\/index.php?rest_route=\/wp\/v2\/users\/3"}],"replies":[{"embeddable":true,"href":"https:\/\/artsmartiauxcompiegnois.fr\/index.php?rest_route=%2Fwp%2Fv2%2Fcomments&post=12078"}],"version-history":[{"count":6,"href":"https:\/\/artsmartiauxcompiegnois.fr\/index.php?rest_route=\/wp\/v2\/posts\/12078\/revisions"}],"predecessor-version":[{"id":12107,"href":"https:\/\/artsmartiauxcompiegnois.fr\/index.php?rest_route=\/wp\/v2\/posts\/12078\/revisions\/12107"}],"wp:featuredmedia":[{"embeddable":true,"href":"https:\/\/artsmartiauxcompiegnois.fr\/index.php?rest_route=\/wp\/v2\/media\/12080"}],"wp:attachment":[{"href":"https:\/\/artsmartiauxcompiegnois.fr\/index.php?rest_route=%2Fwp%2Fv2%2Fmedia&parent=12078"}],"wp:term":[{"taxonomy":"category","embeddable":true,"href":"https:\/\/artsmartiauxcompiegnois.fr\/index.php?rest_route=%2Fwp%2Fv2%2Fcategories&post=12078"},{"taxonomy":"post_tag","embeddable":true,"href":"https:\/\/artsmartiauxcompiegnois.fr\/index.php?rest_route=%2Fwp%2Fv2%2Ftags&post=12078"}],"curies":[{"name":"wp","href":"https:\/\/api.w.org\/{rel}","templated":true}]}}