{"id":12090,"date":"2024-02-12T10:32:21","date_gmt":"2024-02-12T08:32:21","guid":{"rendered":"https:\/\/artsmartiauxcompiegnois.fr\/?p=12090"},"modified":"2024-02-12T11:43:23","modified_gmt":"2024-02-12T09:43:23","slug":"championnat-regional-hdf-judo-11-fevrier-2024-verquin","status":"publish","type":"post","link":"https:\/\/artsmartiauxcompiegnois.fr\/?p=12090","title":{"rendered":"Championnat R\u00e9gional HDF Judo &#8211; 11 f\u00e9vrier 2024 &#8211; Verquin"},"content":{"rendered":"<div class=\"xdj266r x11i5rnm xat24cr x1mh8g0r x1vvkbs x126k92a\">\n<div dir=\"auto\" style=\"text-align: center;\">Deux de nos comp\u00e9titeurs ont particip\u00e9 \u00e0 La Coupe R\u00e9gionale\u00a0 HDF individuelle de judo \u00e0 Verquin :<\/div>\n<div dir=\"auto\" style=\"text-align: center;\">si GOUDIN Arthur &#8211; 66 kg se hisse \u00e0 la 2\u00e8me place de sa poule et perd en 16\u00e8me de finale,<\/div>\n<div dir=\"auto\" style=\"text-align: center;\">MAPOTE Elina &#8211; 52 kg\u00a0 en parvient pas \u00e0 se classer<\/div>\n<\/div>\n<div class=\"x11i5rnm xat24cr x1mh8g0r x1vvkbs xtlvy1s x126k92a\">\n<div dir=\"auto\"><\/div>\n<div dir=\"auto\" style=\"text-align: center;\">Nous remercions Marina pour son engagement aupr\u00e8s de ses \u00e9l\u00e8ves et f\u00e9licitons vivement \u00e0 nos deux comp\u00e9titeurs<\/div>\n<div dir=\"auto\"><img loading=\"lazy\" class=\" wp-image-12093 alignleft\" src=\"http:\/\/artsmartiauxcompiegnois.fr\/wp-content\/uploads\/2024\/02\/judo-11022024-verquin-4.jpg\" alt=\"\" width=\"474\" height=\"391\" srcset=\"https:\/\/artsmartiauxcompiegnois.fr\/wp-content\/uploads\/2024\/02\/judo-11022024-verquin-4.jpg 251w, https:\/\/artsmartiauxcompiegnois.fr\/wp-content\/uploads\/2024\/02\/judo-11022024-verquin-4-178x147.jpg 178w\" sizes=\"(max-width: 474px) 100vw, 474px\" \/> <img loading=\"lazy\" class=\" wp-image-12094 alignright\" src=\"http:\/\/artsmartiauxcompiegnois.fr\/wp-content\/uploads\/2024\/02\/judo-11022024-verquin-3.jpg\" alt=\"\" width=\"462\" height=\"493\" srcset=\"https:\/\/artsmartiauxcompiegnois.fr\/wp-content\/uploads\/2024\/02\/judo-11022024-verquin-3.jpg 211w, https:\/\/artsmartiauxcompiegnois.fr\/wp-content\/uploads\/2024\/02\/judo-11022024-verquin-3-167x178.jpg 167w\" sizes=\"(max-width: 462px) 100vw, 462px\" \/> <img loading=\"lazy\" class=\"aligncenter wp-image-12095\" src=\"http:\/\/artsmartiauxcompiegnois.fr\/wp-content\/uploads\/2024\/02\/judo-11022024-verquin-2.jpg\" alt=\"\" width=\"398\" height=\"398\" srcset=\"https:\/\/artsmartiauxcompiegnois.fr\/wp-content\/uploads\/2024\/02\/judo-11022024-verquin-2.jpg 247w, https:\/\/artsmartiauxcompiegnois.fr\/wp-content\/uploads\/2024\/02\/judo-11022024-verquin-2-150x150.jpg 150w, https:\/\/artsmartiauxcompiegnois.fr\/wp-content\/uploads\/2024\/02\/judo-11022024-verquin-2-178x178.jpg 178w\" sizes=\"(max-width: 398px) 100vw, 398px\" \/><\/div>\n<\/div>\n","protected":false},"excerpt":{"rendered":"<p>Deux de nos comp\u00e9titeurs ont particip\u00e9 \u00e0 La Coupe R\u00e9gionale\u00a0 HDF individuelle de judo \u00e0 Verquin : si GOUDIN Arthur &#8211; 66 kg se hisse \u00e0 la 2\u00e8me place de sa poule et perd en 16\u00e8me de finale, MAPOTE Elina &#8211; 52 kg\u00a0 en parvient pas \u00e0 se classer Nous remercions Marina pour son engagement [&hellip;]<\/p>\n","protected":false},"author":3,"featured_media":12096,"comment_status":"closed","ping_status":"closed","sticky":false,"template":"","format":"standard","meta":[],"categories":[7],"tags":[],"_links":{"self":[{"href":"https:\/\/artsmartiauxcompiegnois.fr\/index.php?rest_route=\/wp\/v2\/posts\/12090"}],"collection":[{"href":"https:\/\/artsmartiauxcompiegnois.fr\/index.php?rest_route=\/wp\/v2\/posts"}],"about":[{"href":"https:\/\/artsmartiauxcompiegnois.fr\/index.php?rest_route=\/wp\/v2\/types\/post"}],"author":[{"embeddable":true,"href":"https:\/\/artsmartiauxcompiegnois.fr\/index.php?rest_route=\/wp\/v2\/users\/3"}],"replies":[{"embeddable":true,"href":"https:\/\/artsmartiauxcompiegnois.fr\/index.php?rest_route=%2Fwp%2Fv2%2Fcomments&post=12090"}],"version-history":[{"count":4,"href":"https:\/\/artsmartiauxcompiegnois.fr\/index.php?rest_route=\/wp\/v2\/posts\/12090\/revisions"}],"predecessor-version":[{"id":12098,"href":"https:\/\/artsmartiauxcompiegnois.fr\/index.php?rest_route=\/wp\/v2\/posts\/12090\/revisions\/12098"}],"wp:featuredmedia":[{"embeddable":true,"href":"https:\/\/artsmartiauxcompiegnois.fr\/index.php?rest_route=\/wp\/v2\/media\/12096"}],"wp:attachment":[{"href":"https:\/\/artsmartiauxcompiegnois.fr\/index.php?rest_route=%2Fwp%2Fv2%2Fmedia&parent=12090"}],"wp:term":[{"taxonomy":"category","embeddable":true,"href":"https:\/\/artsmartiauxcompiegnois.fr\/index.php?rest_route=%2Fwp%2Fv2%2Fcategories&post=12090"},{"taxonomy":"post_tag","embeddable":true,"href":"https:\/\/artsmartiauxcompiegnois.fr\/index.php?rest_route=%2Fwp%2Fv2%2Ftags&post=12090"}],"curies":[{"name":"wp","href":"https:\/\/api.w.org\/{rel}","templated":true}]}}