{"id":12112,"date":"2024-02-17T23:53:59","date_gmt":"2024-02-17T21:53:59","guid":{"rendered":"https:\/\/artsmartiauxcompiegnois.fr\/?p=12112"},"modified":"2024-02-20T13:05:42","modified_gmt":"2024-02-20T11:05:42","slug":"james-baril-remporte-le-combat-de-mma-17-fevrier-a-lille","status":"publish","type":"post","link":"https:\/\/artsmartiauxcompiegnois.fr\/?p=12112","title":{"rendered":"James Baril remporte le combat de MMA &#8211; 17 f\u00e9vrier \u00e0 LILLE"},"content":{"rendered":"<div dir=\"auto\">Notre combattant MMA, James Baril remporte la victoire amplement m\u00e9rit\u00e9e, sur d\u00e9cision unanime des juges, apr\u00e8s qu\u2019il ait domin\u00e9 son adversaire sur les trois rounds successifs.<\/div>\n<div dir=\"auto\"><\/div>\n<div dir=\"auto\">\n<p>Nous le f\u00e9licitons vivement, ainsi que son coach David Padieu.<\/p>\n<p>La section MMA est particuli\u00e8rement fi\u00e8re deux. Les \u00e9l\u00e8ves de cette section voient en vous des mod\u00e8les \u00e0 suivre, et observe que les entrainements, le travail technique paient<\/p>\n<\/div>\n","protected":false},"excerpt":{"rendered":"<p>Notre combattant MMA, James Baril remporte la victoire amplement m\u00e9rit\u00e9e, sur d\u00e9cision unanime des juges, apr\u00e8s qu\u2019il ait domin\u00e9 son adversaire sur les trois rounds successifs. Nous le f\u00e9licitons vivement, ainsi que son coach David Padieu. La section MMA est particuli\u00e8rement fi\u00e8re deux. Les \u00e9l\u00e8ves de cette section voient en vous des mod\u00e8les \u00e0 suivre, [&hellip;]<\/p>\n","protected":false},"author":3,"featured_media":12114,"comment_status":"closed","ping_status":"closed","sticky":false,"template":"","format":"standard","meta":[],"categories":[81,7,269],"tags":[428],"_links":{"self":[{"href":"https:\/\/artsmartiauxcompiegnois.fr\/index.php?rest_route=\/wp\/v2\/posts\/12112"}],"collection":[{"href":"https:\/\/artsmartiauxcompiegnois.fr\/index.php?rest_route=\/wp\/v2\/posts"}],"about":[{"href":"https:\/\/artsmartiauxcompiegnois.fr\/index.php?rest_route=\/wp\/v2\/types\/post"}],"author":[{"embeddable":true,"href":"https:\/\/artsmartiauxcompiegnois.fr\/index.php?rest_route=\/wp\/v2\/users\/3"}],"replies":[{"embeddable":true,"href":"https:\/\/artsmartiauxcompiegnois.fr\/index.php?rest_route=%2Fwp%2Fv2%2Fcomments&post=12112"}],"version-history":[{"count":2,"href":"https:\/\/artsmartiauxcompiegnois.fr\/index.php?rest_route=\/wp\/v2\/posts\/12112\/revisions"}],"predecessor-version":[{"id":12117,"href":"https:\/\/artsmartiauxcompiegnois.fr\/index.php?rest_route=\/wp\/v2\/posts\/12112\/revisions\/12117"}],"wp:featuredmedia":[{"embeddable":true,"href":"https:\/\/artsmartiauxcompiegnois.fr\/index.php?rest_route=\/wp\/v2\/media\/12114"}],"wp:attachment":[{"href":"https:\/\/artsmartiauxcompiegnois.fr\/index.php?rest_route=%2Fwp%2Fv2%2Fmedia&parent=12112"}],"wp:term":[{"taxonomy":"category","embeddable":true,"href":"https:\/\/artsmartiauxcompiegnois.fr\/index.php?rest_route=%2Fwp%2Fv2%2Fcategories&post=12112"},{"taxonomy":"post_tag","embeddable":true,"href":"https:\/\/artsmartiauxcompiegnois.fr\/index.php?rest_route=%2Fwp%2Fv2%2Ftags&post=12112"}],"curies":[{"name":"wp","href":"https:\/\/api.w.org\/{rel}","templated":true}]}}