{"id":12153,"date":"2024-03-11T07:26:36","date_gmt":"2024-03-11T05:26:36","guid":{"rendered":"https:\/\/artsmartiauxcompiegnois.fr\/?p=12153"},"modified":"2024-03-12T11:31:22","modified_gmt":"2024-03-12T09:31:22","slug":"championnat-de-lutte-de-la-ligue-regionale-des-hauts-de-france-10-mars-2024","status":"publish","type":"post","link":"https:\/\/artsmartiauxcompiegnois.fr\/?p=12153","title":{"rendered":"Championnat de lutte de la Ligue r\u00e9gionale des Hauts-de-France &#8211; 10 mars 2024"},"content":{"rendered":"<div dir=\"auto\" style=\"text-align: justify;\">Le Club des Arts Martiaux Compi\u00e9gnois a particip\u00e9, avec suces au Championnat de lutte de la ligue r\u00e9gionale des HDF, en pr\u00e9sentant y trois lutteurs accompagn\u00e9s par leurs coachs Adam et Maxime.<\/div>\n<ul>\n<li>Deux d&rsquo;entre eux ont obtenu une m\u00e9daille d\u2019argent : Phil\u00e9mon et R\u00e9dane.<\/li>\n<\/ul>\n<div class=\"xdj266r x11i5rnm xat24cr x1mh8g0r x1vvkbs x126k92a\">\n<ul>\n<li dir=\"auto\">Pierrick s&rsquo;est inclin\u00e9 en phase de poule contre le champion de la cat\u00e9gorie.<\/li>\n<\/ul>\n<div dir=\"auto\"><\/div>\n<\/div>\n<div class=\"x11i5rnm xat24cr x1mh8g0r x1vvkbs xtlvy1s x126k92a\">\n<div dir=\"auto\" style=\"text-align: justify;\">Nos deux comp\u00e9titeurs marquent l\u2019histoire, en devenant les premiers m\u00e9daill\u00e9s Isariens au championnat r\u00e9gional des HDF, et ss sont qualifi\u00e9s pour Championnat de France.<\/div>\n<\/div>\n<div dir=\"auto\"><\/div>\n","protected":false},"excerpt":{"rendered":"<p>Le Club des Arts Martiaux Compi\u00e9gnois a particip\u00e9, avec suces au Championnat de lutte de la ligue r\u00e9gionale des HDF, en pr\u00e9sentant y trois lutteurs accompagn\u00e9s par leurs coachs Adam et Maxime. Deux d&rsquo;entre eux ont obtenu une m\u00e9daille d\u2019argent : Phil\u00e9mon et R\u00e9dane. Pierrick s&rsquo;est inclin\u00e9 en phase de poule contre le champion de [&hellip;]<\/p>\n","protected":false},"author":3,"featured_media":12155,"comment_status":"closed","ping_status":"closed","sticky":false,"template":"","format":"standard","meta":[],"categories":[7],"tags":[],"_links":{"self":[{"href":"https:\/\/artsmartiauxcompiegnois.fr\/index.php?rest_route=\/wp\/v2\/posts\/12153"}],"collection":[{"href":"https:\/\/artsmartiauxcompiegnois.fr\/index.php?rest_route=\/wp\/v2\/posts"}],"about":[{"href":"https:\/\/artsmartiauxcompiegnois.fr\/index.php?rest_route=\/wp\/v2\/types\/post"}],"author":[{"embeddable":true,"href":"https:\/\/artsmartiauxcompiegnois.fr\/index.php?rest_route=\/wp\/v2\/users\/3"}],"replies":[{"embeddable":true,"href":"https:\/\/artsmartiauxcompiegnois.fr\/index.php?rest_route=%2Fwp%2Fv2%2Fcomments&post=12153"}],"version-history":[{"count":3,"href":"https:\/\/artsmartiauxcompiegnois.fr\/index.php?rest_route=\/wp\/v2\/posts\/12153\/revisions"}],"predecessor-version":[{"id":12157,"href":"https:\/\/artsmartiauxcompiegnois.fr\/index.php?rest_route=\/wp\/v2\/posts\/12153\/revisions\/12157"}],"wp:featuredmedia":[{"embeddable":true,"href":"https:\/\/artsmartiauxcompiegnois.fr\/index.php?rest_route=\/wp\/v2\/media\/12155"}],"wp:attachment":[{"href":"https:\/\/artsmartiauxcompiegnois.fr\/index.php?rest_route=%2Fwp%2Fv2%2Fmedia&parent=12153"}],"wp:term":[{"taxonomy":"category","embeddable":true,"href":"https:\/\/artsmartiauxcompiegnois.fr\/index.php?rest_route=%2Fwp%2Fv2%2Fcategories&post=12153"},{"taxonomy":"post_tag","embeddable":true,"href":"https:\/\/artsmartiauxcompiegnois.fr\/index.php?rest_route=%2Fwp%2Fv2%2Ftags&post=12153"}],"curies":[{"name":"wp","href":"https:\/\/api.w.org\/{rel}","templated":true}]}}