{"id":12164,"date":"2024-03-17T20:24:57","date_gmt":"2024-03-17T18:24:57","guid":{"rendered":"https:\/\/artsmartiauxcompiegnois.fr\/?p=12164"},"modified":"2024-03-19T12:39:37","modified_gmt":"2024-03-19T10:39:37","slug":"championnat-interdepartemental-de-judo-senior-17-mars-2024","status":"publish","type":"post","link":"https:\/\/artsmartiauxcompiegnois.fr\/?p=12164","title":{"rendered":"Championnat interd\u00e9partemental de Judo S\u00e9nior &#8211; 17 mars 2024 &#8211; Nos judokas se qualifient;"},"content":{"rendered":"<div class=\"xdj266r x11i5rnm xat24cr x1mh8g0r x1vvkbs x126k92a\">\n<div dir=\"auto\"><img loading=\"lazy\" class=\"aligncenter size-large wp-image-12166\" src=\"http:\/\/artsmartiauxcompiegnois.fr\/wp-content\/uploads\/2024\/03\/Abbeville17mars2024-1024x768.jpg\" alt=\"\" width=\"960\" height=\"720\" srcset=\"https:\/\/artsmartiauxcompiegnois.fr\/wp-content\/uploads\/2024\/03\/Abbeville17mars2024-1024x768.jpg 1024w, https:\/\/artsmartiauxcompiegnois.fr\/wp-content\/uploads\/2024\/03\/Abbeville17mars2024-300x225.jpg 300w, https:\/\/artsmartiauxcompiegnois.fr\/wp-content\/uploads\/2024\/03\/Abbeville17mars2024-768x576.jpg 768w, https:\/\/artsmartiauxcompiegnois.fr\/wp-content\/uploads\/2024\/03\/Abbeville17mars2024-1536x1152.jpg 1536w, https:\/\/artsmartiauxcompiegnois.fr\/wp-content\/uploads\/2024\/03\/Abbeville17mars2024-178x134.jpg 178w, https:\/\/artsmartiauxcompiegnois.fr\/wp-content\/uploads\/2024\/03\/Abbeville17mars2024.jpg 2048w\" sizes=\"(max-width: 960px) 100vw, 960px\" \/> <img loading=\"lazy\" class=\"aligncenter size-large wp-image-12167\" src=\"http:\/\/artsmartiauxcompiegnois.fr\/wp-content\/uploads\/2024\/03\/Abbeville17mars2024-2.jpg\" alt=\"\" width=\"647\" height=\"361\" srcset=\"https:\/\/artsmartiauxcompiegnois.fr\/wp-content\/uploads\/2024\/03\/Abbeville17mars2024-2.jpg 647w, https:\/\/artsmartiauxcompiegnois.fr\/wp-content\/uploads\/2024\/03\/Abbeville17mars2024-2-300x167.jpg 300w, https:\/\/artsmartiauxcompiegnois.fr\/wp-content\/uploads\/2024\/03\/Abbeville17mars2024-2-178x99.jpg 178w\" sizes=\"(max-width: 647px) 100vw, 647px\" \/> <img loading=\"lazy\" class=\"aligncenter size-large wp-image-12168\" src=\"http:\/\/artsmartiauxcompiegnois.fr\/wp-content\/uploads\/2024\/03\/Abbeville17mars2024-3.jpg\" alt=\"\" width=\"690\" height=\"667\" srcset=\"https:\/\/artsmartiauxcompiegnois.fr\/wp-content\/uploads\/2024\/03\/Abbeville17mars2024-3.jpg 690w, https:\/\/artsmartiauxcompiegnois.fr\/wp-content\/uploads\/2024\/03\/Abbeville17mars2024-3-300x290.jpg 300w, https:\/\/artsmartiauxcompiegnois.fr\/wp-content\/uploads\/2024\/03\/Abbeville17mars2024-3-178x172.jpg 178w\" sizes=\"(max-width: 690px) 100vw, 690px\" \/> <img loading=\"lazy\" class=\"aligncenter size-large wp-image-12169\" src=\"http:\/\/artsmartiauxcompiegnois.fr\/wp-content\/uploads\/2024\/03\/Abbeville17mars2024-4.jpg\" alt=\"\" width=\"443\" height=\"622\" srcset=\"https:\/\/artsmartiauxcompiegnois.fr\/wp-content\/uploads\/2024\/03\/Abbeville17mars2024-4.jpg 443w, https:\/\/artsmartiauxcompiegnois.fr\/wp-content\/uploads\/2024\/03\/Abbeville17mars2024-4-214x300.jpg 214w, https:\/\/artsmartiauxcompiegnois.fr\/wp-content\/uploads\/2024\/03\/Abbeville17mars2024-4-127x178.jpg 127w\" sizes=\"(max-width: 443px) 100vw, 443px\" \/>Les Judokas de la cat\u00e9gorie S\u00e9nior ont particip\u00e9 au Championnat \u00e0 interd\u00e9partemental qui s&rsquo;est d\u00e9roul\u00e9 le 17 mars 2024 \u00e0 Abbeville.<\/div>\n<div dir=\"auto\"><\/div>\n<\/div>\n<div class=\"x11i5rnm xat24cr x1mh8g0r x1vvkbs xtlvy1s x126k92a\">\n<div dir=\"auto\">Ainsi, quatre comp\u00e9titeurs engag\u00e9s, ont obtenu leur qualification aux championnats inter-r\u00e9gionaux qui auront lieu dans un mois.<\/div>\n<div dir=\"auto\"><\/div>\n<div dir=\"auto\">Ils se sont class\u00e9s comme suit :<\/div>\n<ul>\n<li dir=\"auto\">Marina -70kg : 3\u00e8me<\/li>\n<li dir=\"auto\">Romain -60kg : 3\u00e8me<\/li>\n<li dir=\"auto\">R\u00e9mi -90 : 5\u00e8me<\/li>\n<li dir=\"auto\">Edriss : 7\u00e8me<\/li>\n<\/ul>\n<\/div>\n<div class=\"x11i5rnm xat24cr x1mh8g0r x1vvkbs xtlvy1s x126k92a\">\n<div dir=\"auto\" style=\"text-align: right;\">Nous les f\u00e9licitations et remercions leurs encadrants et coach.<\/div>\n<\/div>\n","protected":false},"excerpt":{"rendered":"<p>Les Judokas de la cat\u00e9gorie S\u00e9nior ont particip\u00e9 au Championnat \u00e0 interd\u00e9partemental qui s&rsquo;est d\u00e9roul\u00e9 le 17 mars 2024 \u00e0 Abbeville. Ainsi, quatre comp\u00e9titeurs engag\u00e9s, ont obtenu leur qualification aux championnats inter-r\u00e9gionaux qui auront lieu dans un mois. Ils se sont class\u00e9s comme suit : Marina -70kg : 3\u00e8me Romain -60kg : 3\u00e8me R\u00e9mi -90 [&hellip;]<\/p>\n","protected":false},"author":3,"featured_media":0,"comment_status":"closed","ping_status":"closed","sticky":false,"template":"","format":"standard","meta":[],"categories":[7],"tags":[],"_links":{"self":[{"href":"https:\/\/artsmartiauxcompiegnois.fr\/index.php?rest_route=\/wp\/v2\/posts\/12164"}],"collection":[{"href":"https:\/\/artsmartiauxcompiegnois.fr\/index.php?rest_route=\/wp\/v2\/posts"}],"about":[{"href":"https:\/\/artsmartiauxcompiegnois.fr\/index.php?rest_route=\/wp\/v2\/types\/post"}],"author":[{"embeddable":true,"href":"https:\/\/artsmartiauxcompiegnois.fr\/index.php?rest_route=\/wp\/v2\/users\/3"}],"replies":[{"embeddable":true,"href":"https:\/\/artsmartiauxcompiegnois.fr\/index.php?rest_route=%2Fwp%2Fv2%2Fcomments&post=12164"}],"version-history":[{"count":3,"href":"https:\/\/artsmartiauxcompiegnois.fr\/index.php?rest_route=\/wp\/v2\/posts\/12164\/revisions"}],"predecessor-version":[{"id":12171,"href":"https:\/\/artsmartiauxcompiegnois.fr\/index.php?rest_route=\/wp\/v2\/posts\/12164\/revisions\/12171"}],"wp:attachment":[{"href":"https:\/\/artsmartiauxcompiegnois.fr\/index.php?rest_route=%2Fwp%2Fv2%2Fmedia&parent=12164"}],"wp:term":[{"taxonomy":"category","embeddable":true,"href":"https:\/\/artsmartiauxcompiegnois.fr\/index.php?rest_route=%2Fwp%2Fv2%2Fcategories&post=12164"},{"taxonomy":"post_tag","embeddable":true,"href":"https:\/\/artsmartiauxcompiegnois.fr\/index.php?rest_route=%2Fwp%2Fv2%2Ftags&post=12164"}],"curies":[{"name":"wp","href":"https:\/\/api.w.org\/{rel}","templated":true}]}}